{"id":639,"date":"2021-02-24T19:46:35","date_gmt":"2021-02-24T19:46:35","guid":{"rendered":"https:\/\/radiostudiow.com.br\/site\/?p=639"},"modified":"2025-01-15T09:28:35","modified_gmt":"2025-01-15T12:28:35","slug":"comunicado-importante-vacina-covid-19-em-mallet","status":"publish","type":"post","link":"https:\/\/radiostudiow.com.br\/site\/2021\/02\/24\/comunicado-importante-vacina-covid-19-em-mallet\/","title":{"rendered":"Comunicado Importante! Vacina contra COVID-19 em Mallet"},"content":{"rendered":"\n<p>A primeira fase da campanha da COVID-19 no Estado do Paran\u00e1, inclui apenas os trabalhadores de sa\u00fade que est\u00e3o na linha de frente no atendimento aos pacientes com COVID-19 e trabalhadores e residentes das Institui\u00e7\u00f5es de Longa Perman\u00eancia, conforme o Plano Estadual de Imuniza\u00e7\u00e3o.<\/p>\n\n\n\n<p><\/p>\n\n\n\n<p><br>A vacina\u00e7\u00e3o Contra a COVID-19 no Paran\u00e1 se dar\u00e1 em etapas (1 a 10) correspondentes aos subgrupos de trabalhadores de sa\u00fade (ordem operacional e cronol\u00f3gica).<\/p>\n\n\n\n<p><strong>1. Trabalhadores vacinadores\/aplicadores da vacina contra a COVID-19.<br>2. Trabalhadores de Institui\u00e7\u00e3o de Longa Perman\u00eancia para Idosos (ILPI).<br>3. Trabalhadores de hospitais e servi\u00e7os de urg\u00eancia e emerg\u00eancia (UPA, SAMU, SIATE), de refer\u00eancia* COVID-19, Cl\u00ednicas de Di\u00e1lise, Servi\u00e7os de Oncologia:<\/strong><br>\u2022 3.1 Trabalhadores que atuam na assist\u00eancia direta a paciente COVID-19;<br>\u2022 3.2 Trabalhadores de apoio\/suporte ao paciente e \u00e0 equipe que atende COVID-19(motorista,                                                              laborat\u00f3rio, imagem, limpeza, nutri\u00e7\u00e3o, entre outros);<br>\u2022 3.3 Trabalhadores que atuam em Cl\u00ednicas de Di\u00e1lise e Servi\u00e7os de Oncologia, devido ao risco de transmiss\u00e3o do v\u00edrus aos pacientes;<br>\u2022 3.4 Trabalhadores em geral, exceto de \u00e1reas administrativas.*Servi\u00e7o de sa\u00fade que presta atendimento \u00e0 paciente COVID-19.<br><strong>4. Trabalhadores de Centros de Atendimento \u00e0 COVID-19.<br>5. Trabalhadores da Aten\u00e7\u00e3o Prim\u00e1ria \u00e0 Sa\u00fade (APS) e de Centros de Aten\u00e7\u00e3o Psicossocial (CAPS).<br>6. Trabalhadores de laborat\u00f3rios que coletam ambulatoriamente e processam testes\/exames laboratoriais para a COVID-19.<br>7. Trabalhadores dos demais servi\u00e7os de Urg\u00eancia e Emerg\u00eancia, como os Pronto Atendimento (PA) que n\u00e3o s\u00e3o refer\u00eancia para COVID-19 e de hemocentros.<br>8. Trabalhadores que atuam na Vigil\u00e2ncia em Sa\u00fade que desenvolvem atividades de campo relacionadas \u00e0 COVID-19.<br>9. Trabalhadores dos demais servi\u00e7os ambulatoriais e hospitalares, trabalhadores atuantes em farm\u00e1cias, em sistema funer\u00e1rio que tenham contato com cad\u00e1veres potencialmente contaminados (COVID-19), cuidadores domiciliares, doulas, e trabalhadores atuantes em \u00e1reas administrativas, inclusive da ger\u00eancia e gest\u00e3o da sa\u00fade.<br>10. Trabalhadores de servi\u00e7os ambulatoriais e hospitalares, p\u00fablicos e privados, que se encontram em teletrabalho devido pandemia, e demais n\u00e3o listados anteriormente.<br>Para esta primeira fase, no m\u00eas de Janeiro Mallet recebeu 152 doses de vacina sendo:<\/strong><br>\u2022 Coronavac \u2013 Butantan &#8211; 82 doses;<br>\u2022 Astrazeneca \u2013 Fio Cruz -70 doses.<\/p>\n\n\n\n<p><br>Tais doses destinadas aos profissionais de sa\u00fade mencionados no Plano de Imuniza\u00e7\u00e3o Estadual.<br>Para a segunda fase da vacina\u00e7\u00e3o em nosso munic\u00edpio, recebemos 80 doses da vacina Coronavac \u2013 Butantan, destinada aos idosos de mais de 90 anos e mais, e devido a estimativa do Minist\u00e9rio da Sa\u00fade ser maior do que a popula\u00e7\u00e3o real cadastrada foi poss\u00edvel ampliar a vacina\u00e7\u00e3o para a popula\u00e7\u00e3o de 89, 88, 87, 86 e 85 anos (conforme escalonamento).<br>Nesta segunda fase, foram administradas um total de 79 doses nas seguintes faixas et\u00e1rias:<br>\u2022 90+ \u2013 31 doses;<br>\u2022 89 anos \u2013 9;<br>\u2022 88 anos \u2013 12<br>\u2022 87 anos \u2013 10;<br>\u2022 86 anos \u2013 12;<br>\u2022 85 anos \u2013 5.<\/p>\n\n\n\n<p><br>Neste momento o munic\u00edpio est\u00e1 dando continuidade a vacina\u00e7\u00e3o, sendo administrada a segunda dose da Coronavac aos profissionais de sa\u00fade, onde recebemos 82 doses, e j\u00e1 vacinamos 73 profissionais.<br>A Secretaria de Sa\u00fade informa que j\u00e1 concluiu a vacina\u00e7\u00e3o dos idosos com 90 anos e mais, que possuem cadastro nas unidades de sa\u00fade.<br>Se na sua fam\u00edlia existe uma pessoa que esteja nessa faixa et\u00e1ria, 90 anos e mais, e que ainda n\u00e3o foi vacinado, favor entrar em contato com a Secretaria de Sa\u00fade, ou com a sua Unidade de Sa\u00fade de Refer\u00eancia, informando data de nascimento, endere\u00e7o e telefone para vacina\u00e7\u00e3o:<\/p>\n\n\n\n<p>\u2022 Centro de Sa\u00fade \u2013 3542-1179 \u2013 V\u00e2nia;<br>\u2022 ESF Vereador Alcides de Almeida (Vila Caroline \u2013 3542-2372 \u2013 Ana Paula;<br>\u2022 ESF Madalena Sedor (Dorizon) \u2013 3542-1881 \u2013 Gircione<br>\u2022 ESF Rio Claro do Sul \u2013 3516 \u2013 1154 \u2013 Enf J\u00e9ssica.<\/p>\n\n\n\n<p><em>Atenciosamente,<\/em><\/p>\n\n\n\n<p><em>Mallet, 23 de fevereiro de 2021.<\/em><\/p>\n\n\n\n<p>_____________________<br><em>Franciely Mikos Kovalski<\/em><\/p>\n\n\n\n<p><em>Enf\u00aa Coord. Epidemiologia<\/em><\/p>\n","protected":false},"excerpt":{"rendered":"<p>A primeira fase da campanha da COVID-19 no Estado do Paran\u00e1, inclui apenas os trabalhadores de sa\u00fade que est\u00e3o na linha de frente no atendimento aos pacientes com COVID-19 e trabalhadores e residentes das Institui\u00e7\u00f5es de Longa Perman\u00eancia, conforme o Plano Estadual de Imuniza\u00e7\u00e3o. A vacina\u00e7\u00e3o Contra a COVID-19 no Paran\u00e1 se dar\u00e1 em etapas [&hellip;]<\/p>\n","protected":false},"author":2,"featured_media":0,"comment_status":"open","ping_status":"open","sticky":false,"template":"","format":"standard","meta":{"footnotes":""},"categories":[7],"tags":[172],"class_list":["post-639","post","type-post","status-publish","format-standard","hentry","category-geral","tag-featured"],"amp_enabled":true,"_links":{"self":[{"href":"https:\/\/radiostudiow.com.br\/site\/wp-json\/wp\/v2\/posts\/639","targetHints":{"allow":["GET"]}}],"collection":[{"href":"https:\/\/radiostudiow.com.br\/site\/wp-json\/wp\/v2\/posts"}],"about":[{"href":"https:\/\/radiostudiow.com.br\/site\/wp-json\/wp\/v2\/types\/post"}],"author":[{"embeddable":true,"href":"https:\/\/radiostudiow.com.br\/site\/wp-json\/wp\/v2\/users\/2"}],"replies":[{"embeddable":true,"href":"https:\/\/radiostudiow.com.br\/site\/wp-json\/wp\/v2\/comments?post=639"}],"version-history":[{"count":2,"href":"https:\/\/radiostudiow.com.br\/site\/wp-json\/wp\/v2\/posts\/639\/revisions"}],"predecessor-version":[{"id":644,"href":"https:\/\/radiostudiow.com.br\/site\/wp-json\/wp\/v2\/posts\/639\/revisions\/644"}],"wp:attachment":[{"href":"https:\/\/radiostudiow.com.br\/site\/wp-json\/wp\/v2\/media?parent=639"}],"wp:term":[{"taxonomy":"category","embeddable":true,"href":"https:\/\/radiostudiow.com.br\/site\/wp-json\/wp\/v2\/categories?post=639"},{"taxonomy":"post_tag","embeddable":true,"href":"https:\/\/radiostudiow.com.br\/site\/wp-json\/wp\/v2\/tags?post=639"}],"curies":[{"name":"wp","href":"https:\/\/api.w.org\/{rel}","templated":true}]}}