{"id":645,"date":"2021-02-24T17:24:14","date_gmt":"2021-02-24T20:24:14","guid":{"rendered":"https:\/\/radiostudiow.com.br\/site\/?p=645"},"modified":"2025-01-15T09:28:30","modified_gmt":"2025-01-15T12:28:30","slug":"covid-19-acompanhe-o-boletim-de-caso-se-vacinometro-das-doses-aplicadas-pela-secretaria-municipal-de-saude-de-mallet","status":"publish","type":"post","link":"https:\/\/radiostudiow.com.br\/site\/2021\/02\/24\/covid-19-acompanhe-o-boletim-de-caso-se-vacinometro-das-doses-aplicadas-pela-secretaria-municipal-de-saude-de-mallet\/","title":{"rendered":"COVID-19: Boletim de Casos e o &#8220;Vacin\u00f4metro&#8221; da Secretaria Municipal de Sa\u00fade de Mallet, desta quarta &#8211; feira, 24\/02\/2021"},"content":{"rendered":"\n<p>Acompanhe os n\u00fameros do \u00faltimo Boletim de casos da Covid-19 emitido nesta quarta &#8211; feira, 24 de Fevereiro, pela Secretaria Municipal de Sa\u00fade de Mallet e Vacin\u00f4metro das doses aplicadas da vacina contra o Coronav\u00edrus no munic\u00edpio.<\/p>\n\n\n\n<figure class=\"wp-block-image size-large\"><img decoding=\"async\" src=\"https:\/\/radiostudiow.com.br\/site\/wp-content\/uploads\/2021\/02\/153456933_109787071158608_5535593947073275924_n.jpg\" alt=\"\" class=\"wp-image-647\"\/><\/figure>\n\n\n\n<p>At\u00e9 o momento temos um total de 226 pessoas vacinadas, dentre elas 73 j\u00e1 receberam as 2 doses.<\/p>\n","protected":false},"excerpt":{"rendered":"<p>Acompanhe os n\u00fameros do \u00faltimo Boletim de casos da Covid-19 emitido nesta quarta &#8211; feira, 24 de Fevereiro, pela Secretaria Municipal de Sa\u00fade de Mallet e Vacin\u00f4metro das doses aplicadas da vacina contra o Coronav\u00edrus no munic\u00edpio. At\u00e9 o momento temos um total de 226 pessoas vacinadas, dentre elas 73 j\u00e1 receberam as 2 doses.<\/p>\n","protected":false},"author":2,"featured_media":0,"comment_status":"open","ping_status":"open","sticky":false,"template":"","format":"standard","meta":{"footnotes":""},"categories":[7],"tags":[172],"class_list":["post-645","post","type-post","status-publish","format-standard","hentry","category-geral","tag-featured"],"amp_enabled":true,"_links":{"self":[{"href":"https:\/\/radiostudiow.com.br\/site\/wp-json\/wp\/v2\/posts\/645","targetHints":{"allow":["GET"]}}],"collection":[{"href":"https:\/\/radiostudiow.com.br\/site\/wp-json\/wp\/v2\/posts"}],"about":[{"href":"https:\/\/radiostudiow.com.br\/site\/wp-json\/wp\/v2\/types\/post"}],"author":[{"embeddable":true,"href":"https:\/\/radiostudiow.com.br\/site\/wp-json\/wp\/v2\/users\/2"}],"replies":[{"embeddable":true,"href":"https:\/\/radiostudiow.com.br\/site\/wp-json\/wp\/v2\/comments?post=645"}],"version-history":[{"count":5,"href":"https:\/\/radiostudiow.com.br\/site\/wp-json\/wp\/v2\/posts\/645\/revisions"}],"predecessor-version":[{"id":725,"href":"https:\/\/radiostudiow.com.br\/site\/wp-json\/wp\/v2\/posts\/645\/revisions\/725"}],"wp:attachment":[{"href":"https:\/\/radiostudiow.com.br\/site\/wp-json\/wp\/v2\/media?parent=645"}],"wp:term":[{"taxonomy":"category","embeddable":true,"href":"https:\/\/radiostudiow.com.br\/site\/wp-json\/wp\/v2\/categories?post=645"},{"taxonomy":"post_tag","embeddable":true,"href":"https:\/\/radiostudiow.com.br\/site\/wp-json\/wp\/v2\/tags?post=645"}],"curies":[{"name":"wp","href":"https:\/\/api.w.org\/{rel}","templated":true}]}}