{"id":665,"date":"2021-02-25T18:00:55","date_gmt":"2021-02-25T21:00:55","guid":{"rendered":"https:\/\/radiostudiow.com.br\/site\/?p=665"},"modified":"2025-01-15T09:28:45","modified_gmt":"2025-01-15T12:28:45","slug":"covid-19-acompanhe-o-boletim-de-casos-e-informacoes-da-secretaria-municipal-de-saude-de-mallet","status":"publish","type":"post","link":"https:\/\/radiostudiow.com.br\/site\/2021\/02\/25\/covid-19-acompanhe-o-boletim-de-casos-e-informacoes-da-secretaria-municipal-de-saude-de-mallet\/","title":{"rendered":"COVID-19: Acompanhe o Boletim de Casos e informa\u00e7\u00f5es da Secretaria Municipal de Sa\u00fade de Mallet"},"content":{"rendered":"\n<p>Acompanhe os n\u00fameros do \u00faltimo Boletim de casos da Covid-19 emitido nesta quinta \u2013 feira, 25 de Fevereiro, pela Secretaria Municipal de Sa\u00fade de Mallet e informa\u00e7\u00f5es da vacina contra o Coronav\u00edrus no munic\u00edpio.<\/p>\n\n\n\n<p><\/p>\n\n\n\n<p>160 novas doses est\u00e3o dispon\u00edveis exclusivamente para os idosos O cronograma da Campanha de Vacina\u00e7\u00e3o contra a COVID-19 recebeu uma atualiza\u00e7\u00e3o nesta quinta-feira (25).<\/p>\n\n\n\n<p>O cronograma dos profissionais de sa\u00fade dos elencos 9 e 10 est\u00e1 suspenso temporariamente.<\/p>\n\n\n\n<p><strong>Idosos com 80 a 89 anos receber\u00e3o a dose entre os dias 01\u00ba \u00e0 05 de Mar\u00e7o de 2021.<\/strong><\/p>\n\n\n\n<figure class=\"wp-block-image size-large\"><img decoding=\"async\" src=\"https:\/\/radiostudiow.com.br\/site\/wp-content\/uploads\/2021\/02\/vem_ai.jpg\" alt=\"\" class=\"wp-image-667\"\/><\/figure>\n\n\n\n<p><strong>ATEN\u00c7\u00c3O!<\/strong><\/p>\n\n\n\n<p>A vacina\u00e7\u00e3o do COVID dos idosos de 90 e mais j\u00e1 foi conclu\u00edda, e demos in\u00edcio as demais idades em ordem decrescente conforme o quantitativo de doses que recebemos at\u00e9 o momento a est\u00e1 popula\u00e7\u00e3o.<\/p>\n\n\n\n<p><strong>Se voc\u00ea ainda n\u00e3o tomou sua vacina n\u00e3o se preocupe<\/strong>: se algum idoso de 90 anos e mais ficou sem tomar a vacina pode entrar em contato com a unidade de sua refer\u00eancia&#8230;As pessoas de 85 a 89 anos que ainda n\u00e3o receberam a primeira dose da vacina do COVID, tamb\u00e9m podem estar entrando em contato com sua unidade de sa\u00fade de refer\u00eancia informando os seguintes dados: nome completo, data de nascimento, endere\u00e7o e telefone.<\/p>\n\n\n\n<p>ESF CENTRO &#8211; 3542 1179 &#8211; VANIA<\/p>\n\n\n\n<p>ESF RIO CLARO &#8211; 3516 1154 &#8211; JESSICA<\/p>\n\n\n\n<p>ESF DORIZON &#8211; 3542 1881 &#8211; GIRCIONE<\/p>\n\n\n\n<p>ESF VILA CAROLINE &#8211; 3542 2372 &#8211; ANA PAULA<\/p>\n\n\n\n<figure class=\"wp-block-image size-large\"><img decoding=\"async\" src=\"https:\/\/radiostudiow.com.br\/site\/wp-content\/uploads\/2021\/02\/SEPAC.jpg\" alt=\"\" class=\"wp-image-668\"\/><\/figure>\n","protected":false},"excerpt":{"rendered":"<p>Acompanhe os n\u00fameros do \u00faltimo Boletim de casos da Covid-19 emitido nesta quinta \u2013 feira, 25 de Fevereiro, pela Secretaria Municipal de Sa\u00fade de Mallet e informa\u00e7\u00f5es da vacina contra o Coronav\u00edrus no munic\u00edpio. 160 novas doses est\u00e3o dispon\u00edveis exclusivamente para os idosos O cronograma da Campanha de Vacina\u00e7\u00e3o contra a COVID-19 recebeu uma atualiza\u00e7\u00e3o [&hellip;]<\/p>\n","protected":false},"author":2,"featured_media":0,"comment_status":"open","ping_status":"open","sticky":false,"template":"","format":"standard","meta":{"footnotes":""},"categories":[7],"tags":[172],"class_list":["post-665","post","type-post","status-publish","format-standard","hentry","category-geral","tag-featured"],"amp_enabled":true,"_links":{"self":[{"href":"https:\/\/radiostudiow.com.br\/site\/wp-json\/wp\/v2\/posts\/665","targetHints":{"allow":["GET"]}}],"collection":[{"href":"https:\/\/radiostudiow.com.br\/site\/wp-json\/wp\/v2\/posts"}],"about":[{"href":"https:\/\/radiostudiow.com.br\/site\/wp-json\/wp\/v2\/types\/post"}],"author":[{"embeddable":true,"href":"https:\/\/radiostudiow.com.br\/site\/wp-json\/wp\/v2\/users\/2"}],"replies":[{"embeddable":true,"href":"https:\/\/radiostudiow.com.br\/site\/wp-json\/wp\/v2\/comments?post=665"}],"version-history":[{"count":1,"href":"https:\/\/radiostudiow.com.br\/site\/wp-json\/wp\/v2\/posts\/665\/revisions"}],"predecessor-version":[{"id":669,"href":"https:\/\/radiostudiow.com.br\/site\/wp-json\/wp\/v2\/posts\/665\/revisions\/669"}],"wp:attachment":[{"href":"https:\/\/radiostudiow.com.br\/site\/wp-json\/wp\/v2\/media?parent=665"}],"wp:term":[{"taxonomy":"category","embeddable":true,"href":"https:\/\/radiostudiow.com.br\/site\/wp-json\/wp\/v2\/categories?post=665"},{"taxonomy":"post_tag","embeddable":true,"href":"https:\/\/radiostudiow.com.br\/site\/wp-json\/wp\/v2\/tags?post=665"}],"curies":[{"name":"wp","href":"https:\/\/api.w.org\/{rel}","templated":true}]}}