{"id":6766,"date":"2022-04-05T17:06:49","date_gmt":"2022-04-05T20:06:49","guid":{"rendered":"https:\/\/radiostudiow.com.br\/site\/?p=6766"},"modified":"2025-01-31T15:11:53","modified_gmt":"2025-01-31T18:11:53","slug":"morador-da-area-rural-de-mallet-e-ameacado","status":"publish","type":"post","link":"https:\/\/radiostudiow.com.br\/site\/2022\/04\/05\/morador-da-area-rural-de-mallet-e-ameacado\/","title":{"rendered":"Morador da \u00e1rea rural de Mallet \u00e9 amea\u00e7ado"},"content":{"rendered":"\n<figure class=\"wp-block-image size-full\"><img decoding=\"async\" src=\"https:\/\/radiostudiow.com.br\/site\/wp-content\/uploads\/2022\/03\/240387432_2992083691066122_4820772207429196742_n.jpg\" alt=\"\" class=\"wp-image-6405\"\/><\/figure>\n\n\n\n<p>A equipe da Pol\u00edcia Militar de Mallet foi acionada para verificar uma situa\u00e7\u00e3o de amea\u00e7a por volta das 20:00 horas dessa segunda \u2013 feira, 04 de abril, na \u00e1rea rural do munic\u00edpio.<\/p>\n\n\n\n<p>J\u00e1 no local, os policiais entraram em contato com o solicitante, o qual relatou que foi amea\u00e7ado por um homem. O autor disse para a v\u00edtima que iria lhe cobrir de tiros e que ap\u00f3s isso tomou rumo ignorado. A equipe realizou patrulhamento, por\u00e9m o autor n\u00e3o foi localizado.<\/p>\n\n\n\n<p>Diante da situa\u00e7\u00e3o foi Confeccionado boletim de ocorr\u00eancia e o solicitante orientado quanto \u00e0s medidas cab\u00edveis.<\/p>\n\n\n\n<figure class=\"wp-block-image size-full\"><img decoding=\"async\" src=\"https:\/\/radiostudiow.com.br\/site\/wp-content\/uploads\/2022\/03\/NUTRI-MALLET.jpg\" alt=\"\" class=\"wp-image-6400\"\/><\/figure>\n","protected":false},"excerpt":{"rendered":"<p>A equipe da Pol\u00edcia Militar de Mallet foi acionada para verificar uma situa\u00e7\u00e3o de amea\u00e7a por volta das 20:00 horas dessa segunda \u2013 feira, 04 de abril, na \u00e1rea rural do munic\u00edpio. J\u00e1 no local, os policiais entraram em contato com o solicitante, o qual relatou que foi amea\u00e7ado por um homem. O autor disse [&hellip;]<\/p>\n","protected":false},"author":2,"featured_media":0,"comment_status":"open","ping_status":"open","sticky":false,"template":"","format":"standard","meta":{"footnotes":""},"categories":[2],"tags":[172],"class_list":["post-6766","post","type-post","status-publish","format-standard","hentry","category-policial","tag-featured"],"amp_enabled":true,"_links":{"self":[{"href":"https:\/\/radiostudiow.com.br\/site\/wp-json\/wp\/v2\/posts\/6766","targetHints":{"allow":["GET"]}}],"collection":[{"href":"https:\/\/radiostudiow.com.br\/site\/wp-json\/wp\/v2\/posts"}],"about":[{"href":"https:\/\/radiostudiow.com.br\/site\/wp-json\/wp\/v2\/types\/post"}],"author":[{"embeddable":true,"href":"https:\/\/radiostudiow.com.br\/site\/wp-json\/wp\/v2\/users\/2"}],"replies":[{"embeddable":true,"href":"https:\/\/radiostudiow.com.br\/site\/wp-json\/wp\/v2\/comments?post=6766"}],"version-history":[{"count":2,"href":"https:\/\/radiostudiow.com.br\/site\/wp-json\/wp\/v2\/posts\/6766\/revisions"}],"predecessor-version":[{"id":6778,"href":"https:\/\/radiostudiow.com.br\/site\/wp-json\/wp\/v2\/posts\/6766\/revisions\/6778"}],"wp:attachment":[{"href":"https:\/\/radiostudiow.com.br\/site\/wp-json\/wp\/v2\/media?parent=6766"}],"wp:term":[{"taxonomy":"category","embeddable":true,"href":"https:\/\/radiostudiow.com.br\/site\/wp-json\/wp\/v2\/categories?post=6766"},{"taxonomy":"post_tag","embeddable":true,"href":"https:\/\/radiostudiow.com.br\/site\/wp-json\/wp\/v2\/tags?post=6766"}],"curies":[{"name":"wp","href":"https:\/\/api.w.org\/{rel}","templated":true}]}}