{"id":6772,"date":"2022-04-05T17:29:25","date_gmt":"2022-04-05T20:29:25","guid":{"rendered":"https:\/\/radiostudiow.com.br\/site\/?p=6772"},"modified":"2025-01-31T15:11:53","modified_gmt":"2025-01-31T18:11:53","slug":"motorista-sofre-ferimentos-moderados-apos-acidente-em-sao-mateus-do-sul","status":"publish","type":"post","link":"https:\/\/radiostudiow.com.br\/site\/2022\/04\/05\/motorista-sofre-ferimentos-moderados-apos-acidente-em-sao-mateus-do-sul\/","title":{"rendered":"Motorista sofre ferimentos moderados ap\u00f3s acidente em S\u00e3o Mateus do Sul"},"content":{"rendered":"\n<figure class=\"wp-block-image size-full\"><img decoding=\"async\" src=\"https:\/\/radiostudiow.com.br\/site\/wp-content\/uploads\/2022\/02\/SICREDI.jpg\" alt=\"\" class=\"wp-image-5731\"\/><\/figure>\n\n\n\n<p>Um homem de 61 anos, sofreu ferimentos moderados ap\u00f3s um acidente de tr\u00e2nsito registrado por volta das 01:20 horas desta ter\u00e7a-feira, 05 de abril, na BR-476, km 285, pr\u00f3ximo a Baldo em S\u00e3o Mateus do Sul.<\/p>\n\n\n\n<p>O Corpo de Bombeiros, Samu e a Pol\u00edcia Rodovi\u00e1ria Federal prestaram atendimento a ocorr\u00eancia envolvendo um ve\u00edculo Ford com placas de Curitiba e um caminh\u00e3o VW 2310 carregado com papel sem identifica\u00e7\u00e3o da placa at\u00e9 o momento.<\/p>\n\n\n\n<p>De acordo com informa\u00e7\u00f5es, o caminh\u00e3o seguia sentido Uni\u00e3o da Vit\u00f3ria quando o ve\u00edculo que vinha no sentido contr\u00e1rio o atingiu. Havia neblina no momento do acidente.<\/p>\n\n\n\n<p>Com o impacto o caminh\u00e3o acabou tombando na rodovia e o ve\u00edculo de passeio capotou e depois caiu em um c\u00f3rrego.<\/p>\n\n\n\n<figure class=\"wp-block-image size-full\"><img decoding=\"async\" src=\"https:\/\/radiostudiow.com.br\/site\/wp-content\/uploads\/2022\/02\/AFUBRE-IRATI.jpg\" alt=\"\" class=\"wp-image-6019\"\/><\/figure>\n\n\n\n<p>Segundo informa\u00e7\u00f5es dos Bombeiros, no atendimento ao motorista do carro foi realizada a estabiliza\u00e7\u00e3o e retirada da v\u00edtima do interior do ve\u00edculo. O homem apresentava ferimentos como luxa\u00e7\u00e3o no membro superior direito e escoria\u00e7\u00f5es. Ele foi encaminhado com at\u00e9 o Pronto Atendimento Municipal. J\u00e1 o motorista do caminh\u00e3o n\u00e3o se feriu e foi atendido pelo Samu.<\/p>\n\n\n\n<figure class=\"wp-block-image size-full\"><img loading=\"lazy\" decoding=\"async\" width=\"1024\" height=\"461\" src=\"https:\/\/radiostudiow.com.br\/site\/wp-content\/uploads\/2022\/04\/Operacao-4-2.jpeg\" alt=\"\" class=\"wp-image-6773\" srcset=\"https:\/\/radiostudiow.com.br\/site\/wp-content\/uploads\/2022\/04\/Operacao-4-2.jpeg 1024w, https:\/\/radiostudiow.com.br\/site\/wp-content\/uploads\/2022\/04\/Operacao-4-2-300x135.jpeg 300w, https:\/\/radiostudiow.com.br\/site\/wp-content\/uploads\/2022\/04\/Operacao-4-2-768x346.jpeg 768w\" sizes=\"auto, (max-width: 1024px) 100vw, 1024px\" \/><\/figure>\n","protected":false},"excerpt":{"rendered":"<p>Um homem de 61 anos, sofreu ferimentos moderados ap\u00f3s um acidente de tr\u00e2nsito registrado por volta das 01:20 horas desta ter\u00e7a-feira, 05 de abril, na BR-476, km 285, pr\u00f3ximo a Baldo em S\u00e3o Mateus do Sul. O Corpo de Bombeiros, Samu e a Pol\u00edcia Rodovi\u00e1ria Federal prestaram atendimento a ocorr\u00eancia envolvendo um ve\u00edculo Ford com [&hellip;]<\/p>\n","protected":false},"author":2,"featured_media":6774,"comment_status":"open","ping_status":"open","sticky":false,"template":"","format":"standard","meta":{"footnotes":""},"categories":[2],"tags":[172],"class_list":["post-6772","post","type-post","status-publish","format-standard","has-post-thumbnail","hentry","category-policial","tag-featured"],"amp_enabled":true,"_links":{"self":[{"href":"https:\/\/radiostudiow.com.br\/site\/wp-json\/wp\/v2\/posts\/6772","targetHints":{"allow":["GET"]}}],"collection":[{"href":"https:\/\/radiostudiow.com.br\/site\/wp-json\/wp\/v2\/posts"}],"about":[{"href":"https:\/\/radiostudiow.com.br\/site\/wp-json\/wp\/v2\/types\/post"}],"author":[{"embeddable":true,"href":"https:\/\/radiostudiow.com.br\/site\/wp-json\/wp\/v2\/users\/2"}],"replies":[{"embeddable":true,"href":"https:\/\/radiostudiow.com.br\/site\/wp-json\/wp\/v2\/comments?post=6772"}],"version-history":[{"count":1,"href":"https:\/\/radiostudiow.com.br\/site\/wp-json\/wp\/v2\/posts\/6772\/revisions"}],"predecessor-version":[{"id":6775,"href":"https:\/\/radiostudiow.com.br\/site\/wp-json\/wp\/v2\/posts\/6772\/revisions\/6775"}],"wp:featuredmedia":[{"embeddable":true,"href":"https:\/\/radiostudiow.com.br\/site\/wp-json\/wp\/v2\/media\/6774"}],"wp:attachment":[{"href":"https:\/\/radiostudiow.com.br\/site\/wp-json\/wp\/v2\/media?parent=6772"}],"wp:term":[{"taxonomy":"category","embeddable":true,"href":"https:\/\/radiostudiow.com.br\/site\/wp-json\/wp\/v2\/categories?post=6772"},{"taxonomy":"post_tag","embeddable":true,"href":"https:\/\/radiostudiow.com.br\/site\/wp-json\/wp\/v2\/tags?post=6772"}],"curies":[{"name":"wp","href":"https:\/\/api.w.org\/{rel}","templated":true}]}}