{"id":6779,"date":"2022-04-05T18:08:11","date_gmt":"2022-04-05T21:08:11","guid":{"rendered":"https:\/\/radiostudiow.com.br\/site\/?p=6779"},"modified":"2025-01-31T15:11:53","modified_gmt":"2025-01-31T18:11:53","slug":"policia-militar-e-acionada-apos-desentendimento-familiar-em-sao-mateus-do-sul","status":"publish","type":"post","link":"https:\/\/radiostudiow.com.br\/site\/2022\/04\/05\/policia-militar-e-acionada-apos-desentendimento-familiar-em-sao-mateus-do-sul\/","title":{"rendered":"Pol\u00edcia Militar \u00e9 acionada ap\u00f3s desentendimento familiar em S\u00e3o Mateus do Sul"},"content":{"rendered":"\n<figure class=\"wp-block-image size-full\"><img decoding=\"async\" src=\"https:\/\/radiostudiow.com.br\/site\/wp-content\/uploads\/2022\/03\/SICREDI.jpg\" alt=\"\" class=\"wp-image-6409\"\/><\/figure>\n\n\n\n<p>A equipe da Pol\u00edcia Militar foi acionada neste domingo, 03 de abril, pelo plantonista da Pol\u00edcia Civil, para atender a uma ocorr\u00eancia de amea\u00e7a e les\u00e3o corporal.<\/p>\n\n\n\n<p>Segundo informa\u00e7\u00f5es da solicitante, ela teria ido juntamente com sua filha e o namorado, at\u00e9 a casa do ex-marido para buscar pertences, por\u00e9m iniciou uma discuss\u00e3o seguida de agress\u00e3o por parte da atual mulher do ex.<\/p>\n\n\n\n<p>Com isso, o atual companheiro da solicitante tentou separar, mas o ex-marido, em posse de uma faca, passou a fazer a amea\u00e7as. Em seguida, um vizinho ajudou a desarmar o homem, momento em que o mesmo entrou para dentro da casa, fazendo men\u00e7\u00e3o de pegar uma arma de fogo.<\/p>\n\n\n\n<p>O casal fugiu do local e foram at\u00e9 a Pol\u00edcia Civil para relatar o caso, foi quando o plantonista acionou a PM para ir at\u00e9 a resid\u00eancia. Ao chegar no local, pai e filha j\u00e1 haviam se evadido, por\u00e9m qualificou o terceiro envolvido na ocorr\u00eancia, afirmando que n\u00e3o teria ido buscar uma arma, mas que possu\u00eda registro em seu nome.<\/p>\n\n\n\n<figure class=\"wp-block-image size-full\"><img decoding=\"async\" src=\"https:\/\/radiostudiow.com.br\/site\/wp-content\/uploads\/2022\/02\/HF-MALLET-1.jpg\" alt=\"\" class=\"wp-image-5726\"\/><\/figure>\n\n\n\n<p>A solicitante disse aos policiais que suspeitava que o ex-marido pudesse estar com a filha em um s\u00edtio, na localidade de Cambar\u00e1 do Sul, sentido \u00e0 Tr\u00eas Barras. A equipe foi at\u00e9 o local e entrou em contato com um caseiro, que afirmou que cerca de 20 minutos antes, o mesmo havia sa\u00eddo do s\u00edtio.<\/p>\n\n\n\n<p>Quando a equipe retornava para o centro, avistou o ve\u00edculo do pai da menor parado em frente \u00e0 Delegacia de Pol\u00edcia Civil. Em conversa com ambos, entrou-se em um acordo de que, os policiais acompanhariam a m\u00e3e juntamente com a menor, para buscar os pertences na casa de seu pai, para ent\u00e3o retornar para Curitiba.<\/p>\n\n\n\n<p>Diante dos fatos, os envolvidos nas agress\u00f5es e amea\u00e7as decidiram por representar posteriormente, e com isso, coube \u00e0 equipe, fazer orienta\u00e7\u00f5es necess\u00e1rias quanto ao direito de cada um dos envolvidos.<\/p>\n\n\n\n<figure class=\"wp-block-image size-full\"><img decoding=\"async\" src=\"https:\/\/radiostudiow.com.br\/site\/wp-content\/uploads\/2022\/03\/vem_ai.jpg\" alt=\"\" class=\"wp-image-6364\"\/><\/figure>\n","protected":false},"excerpt":{"rendered":"<p>A equipe da Pol\u00edcia Militar foi acionada neste domingo, 03 de abril, pelo plantonista da Pol\u00edcia Civil, para atender a uma ocorr\u00eancia de amea\u00e7a e les\u00e3o corporal. Segundo informa\u00e7\u00f5es da solicitante, ela teria ido juntamente com sua filha e o namorado, at\u00e9 a casa do ex-marido para buscar pertences, por\u00e9m iniciou uma discuss\u00e3o seguida de [&hellip;]<\/p>\n","protected":false},"author":2,"featured_media":6780,"comment_status":"open","ping_status":"open","sticky":false,"template":"","format":"standard","meta":{"footnotes":""},"categories":[2],"tags":[172],"class_list":["post-6779","post","type-post","status-publish","format-standard","has-post-thumbnail","hentry","category-policial","tag-featured"],"amp_enabled":true,"_links":{"self":[{"href":"https:\/\/radiostudiow.com.br\/site\/wp-json\/wp\/v2\/posts\/6779","targetHints":{"allow":["GET"]}}],"collection":[{"href":"https:\/\/radiostudiow.com.br\/site\/wp-json\/wp\/v2\/posts"}],"about":[{"href":"https:\/\/radiostudiow.com.br\/site\/wp-json\/wp\/v2\/types\/post"}],"author":[{"embeddable":true,"href":"https:\/\/radiostudiow.com.br\/site\/wp-json\/wp\/v2\/users\/2"}],"replies":[{"embeddable":true,"href":"https:\/\/radiostudiow.com.br\/site\/wp-json\/wp\/v2\/comments?post=6779"}],"version-history":[{"count":1,"href":"https:\/\/radiostudiow.com.br\/site\/wp-json\/wp\/v2\/posts\/6779\/revisions"}],"predecessor-version":[{"id":6781,"href":"https:\/\/radiostudiow.com.br\/site\/wp-json\/wp\/v2\/posts\/6779\/revisions\/6781"}],"wp:featuredmedia":[{"embeddable":true,"href":"https:\/\/radiostudiow.com.br\/site\/wp-json\/wp\/v2\/media\/6780"}],"wp:attachment":[{"href":"https:\/\/radiostudiow.com.br\/site\/wp-json\/wp\/v2\/media?parent=6779"}],"wp:term":[{"taxonomy":"category","embeddable":true,"href":"https:\/\/radiostudiow.com.br\/site\/wp-json\/wp\/v2\/categories?post=6779"},{"taxonomy":"post_tag","embeddable":true,"href":"https:\/\/radiostudiow.com.br\/site\/wp-json\/wp\/v2\/tags?post=6779"}],"curies":[{"name":"wp","href":"https:\/\/api.w.org\/{rel}","templated":true}]}}