{"id":6783,"date":"2022-04-06T17:25:53","date_gmt":"2022-04-06T20:25:53","guid":{"rendered":"https:\/\/radiostudiow.com.br\/site\/?p=6783"},"modified":"2025-01-31T15:11:53","modified_gmt":"2025-01-31T18:11:53","slug":"homem-encontrado-boiando-no-rio-iguacu-e-identificado-como-valdair-silveira","status":"publish","type":"post","link":"https:\/\/radiostudiow.com.br\/site\/2022\/04\/06\/homem-encontrado-boiando-no-rio-iguacu-e-identificado-como-valdair-silveira\/","title":{"rendered":"Homem encontrado boiando no rio Igua\u00e7u \u00e9 identificado como Valdair Silveira"},"content":{"rendered":"\n<p><a rel=\"noreferrer noopener\" href=\"https:\/\/www.facebook.com\/sharer.php?u=https%3A%2F%2Fcanal4.tv.br%2F2022%2F04%2F06%2Fhomem-encontrado-boiando-no-rio-iguacu-e-identificado-como-valdair-silveira%2F\" target=\"_blank\"><\/a><\/p>\n\n\n\n<figure class=\"wp-block-image size-full\"><img decoding=\"async\" src=\"https:\/\/radiostudiow.com.br\/site\/wp-content\/uploads\/2022\/03\/vem_ai.jpg\" alt=\"\" class=\"wp-image-6364\"\/><\/figure>\n\n\n\n<p>O Instituto M\u00e9dico Legal \u2013 IML de Uni\u00e3o da Vit\u00f3ria identificou o corpo do homem que foi encontrado boiando nas \u00e1guas do rio Igua\u00e7u, na regi\u00e3o do S\u00e3o Bernardo, durante a tarde de ter\u00e7a-feira (05).<\/p>\n\n\n\n<p>O homem se trata de Valdair Silveira, de 44 anos de idade, o qual \u00e9 natural da cidade de Pato Branco mas estava residindo em Uni\u00e3o da Vit\u00f3ria. O \u00faltimo registro de resid\u00eancia indicava a rua dos L\u00edrios na regi\u00e3o do bairro Jardim Bras\u00edlia.<\/p>\n\n\n\n<p>O corpo do homem j\u00e1 foi liberado pelo IML e transladado para sua cidade natal, Pato Branco. N\u00e3o haver\u00e1 vel\u00f3rio e somente ser\u00e1 realizada uma breve despedida com sepultamento logo na sequ\u00eancia. A Pol\u00edcia segue com as investiga\u00e7\u00f5es sobre a causa da morte.<\/p>\n\n\n\n<figure class=\"wp-block-image size-full\"><img decoding=\"async\" src=\"https:\/\/radiostudiow.com.br\/site\/wp-content\/uploads\/2022\/03\/NUTRI-MALLET.jpg\" alt=\"\" class=\"wp-image-6400\"\/><\/figure>\n\n\n\n<p><a rel=\"noreferrer noopener\" href=\"https:\/\/web.whatsapp.com\/send?text=Homem%20encontrado%20boiando%20no%20rio%20Igua%C3%A7u%20%C3%A9%20identificado%20como%20Valdair%20Silveira%20%E2%98%9B%20https%3A%2F%2Fcanal4.tv.br%2F2022%2F04%2F06%2Fhomem-encontrado-boiando-no-rio-iguacu-e-identificado-como-valdair-silveira%2F\" target=\"_blank\"><\/a><a href=\"javascript:void(0);\"><\/a><\/p>\n","protected":false},"excerpt":{"rendered":"<p>O Instituto M\u00e9dico Legal \u2013 IML de Uni\u00e3o da Vit\u00f3ria identificou o corpo do homem que foi encontrado boiando nas \u00e1guas do rio Igua\u00e7u, na regi\u00e3o do S\u00e3o Bernardo, durante a tarde de ter\u00e7a-feira (05). O homem se trata de Valdair Silveira, de 44 anos de idade, o qual \u00e9 natural da cidade de Pato [&hellip;]<\/p>\n","protected":false},"author":2,"featured_media":6784,"comment_status":"open","ping_status":"open","sticky":false,"template":"","format":"standard","meta":{"footnotes":""},"categories":[2],"tags":[172],"class_list":["post-6783","post","type-post","status-publish","format-standard","has-post-thumbnail","hentry","category-policial","tag-featured"],"amp_enabled":true,"_links":{"self":[{"href":"https:\/\/radiostudiow.com.br\/site\/wp-json\/wp\/v2\/posts\/6783","targetHints":{"allow":["GET"]}}],"collection":[{"href":"https:\/\/radiostudiow.com.br\/site\/wp-json\/wp\/v2\/posts"}],"about":[{"href":"https:\/\/radiostudiow.com.br\/site\/wp-json\/wp\/v2\/types\/post"}],"author":[{"embeddable":true,"href":"https:\/\/radiostudiow.com.br\/site\/wp-json\/wp\/v2\/users\/2"}],"replies":[{"embeddable":true,"href":"https:\/\/radiostudiow.com.br\/site\/wp-json\/wp\/v2\/comments?post=6783"}],"version-history":[{"count":1,"href":"https:\/\/radiostudiow.com.br\/site\/wp-json\/wp\/v2\/posts\/6783\/revisions"}],"predecessor-version":[{"id":6785,"href":"https:\/\/radiostudiow.com.br\/site\/wp-json\/wp\/v2\/posts\/6783\/revisions\/6785"}],"wp:featuredmedia":[{"embeddable":true,"href":"https:\/\/radiostudiow.com.br\/site\/wp-json\/wp\/v2\/media\/6784"}],"wp:attachment":[{"href":"https:\/\/radiostudiow.com.br\/site\/wp-json\/wp\/v2\/media?parent=6783"}],"wp:term":[{"taxonomy":"category","embeddable":true,"href":"https:\/\/radiostudiow.com.br\/site\/wp-json\/wp\/v2\/categories?post=6783"},{"taxonomy":"post_tag","embeddable":true,"href":"https:\/\/radiostudiow.com.br\/site\/wp-json\/wp\/v2\/tags?post=6783"}],"curies":[{"name":"wp","href":"https:\/\/api.w.org\/{rel}","templated":true}]}}