{"id":6786,"date":"2022-04-06T17:37:46","date_gmt":"2022-04-06T20:37:46","guid":{"rendered":"https:\/\/radiostudiow.com.br\/site\/?p=6786"},"modified":"2025-01-31T15:11:53","modified_gmt":"2025-01-31T18:11:53","slug":"policias-cumprem-mandados-de-prisao-em-general-carneiro-sao-mateus-do-sul-e-irineopolis","status":"publish","type":"post","link":"https:\/\/radiostudiow.com.br\/site\/2022\/04\/06\/policias-cumprem-mandados-de-prisao-em-general-carneiro-sao-mateus-do-sul-e-irineopolis\/","title":{"rendered":"Pol\u00edcias cumprem mandados de pris\u00e3o em General Carneiro, S\u00e3o Mateus do Sul e Irine\u00f3polis"},"content":{"rendered":"\n<figure class=\"wp-block-image size-full\"><img decoding=\"async\" src=\"https:\/\/radiostudiow.com.br\/site\/wp-content\/uploads\/2022\/03\/SICREDI.jpg\" alt=\"\" class=\"wp-image-6409\"\/><\/figure>\n\n\n\n<p>Ao menos tr\u00eas mandados de pris\u00e3o foram cumpridos pelas equipes policiais durante essa ter\u00e7a-feira, 05 de abril. As situa\u00e7\u00f5es foram registradas nas cidades de General Carneiro, S\u00e3o Mateus do Sul e Irine\u00f3polis.<\/p>\n\n\n\n<p>De acordo com informa\u00e7\u00f5es, na cidade de General Carneiro a situa\u00e7\u00e3o foi registrada na comunidade de Faxinal dos Santos. Em S\u00e3o Mateus do Sul ocorreu no bairro Bom Jesus e na cidade de Irine\u00f3polis, o mandado foi cumprido na localidade de S\u00e3o Pascoal<\/p>\n\n\n\n<p>Nas situa\u00e7\u00f5es, tr\u00eas homens foram localizados e presos, sendo que nenhum deles ofereceu resist\u00eancia e foram conduzidos para a cadeira p\u00fablica de Uni\u00e3o da Vit\u00f3ria e Unidade Prisional de Porto Uni\u00e3o. Os casos n\u00e3o tem liga\u00e7\u00e3o entre si.<\/p>\n\n\n\n<figure class=\"wp-block-image size-full\"><img decoding=\"async\" src=\"https:\/\/radiostudiow.com.br\/site\/wp-content\/uploads\/2022\/03\/240387432_2992083691066122_4820772207429196742_n.jpg\" alt=\"\" class=\"wp-image-6405\"\/><\/figure>\n","protected":false},"excerpt":{"rendered":"<p>Ao menos tr\u00eas mandados de pris\u00e3o foram cumpridos pelas equipes policiais durante essa ter\u00e7a-feira, 05 de abril. As situa\u00e7\u00f5es foram registradas nas cidades de General Carneiro, S\u00e3o Mateus do Sul e Irine\u00f3polis. De acordo com informa\u00e7\u00f5es, na cidade de General Carneiro a situa\u00e7\u00e3o foi registrada na comunidade de Faxinal dos Santos. Em S\u00e3o Mateus do [&hellip;]<\/p>\n","protected":false},"author":2,"featured_media":6284,"comment_status":"open","ping_status":"open","sticky":false,"template":"","format":"standard","meta":{"footnotes":""},"categories":[2],"tags":[172],"class_list":["post-6786","post","type-post","status-publish","format-standard","has-post-thumbnail","hentry","category-policial","tag-featured"],"amp_enabled":true,"_links":{"self":[{"href":"https:\/\/radiostudiow.com.br\/site\/wp-json\/wp\/v2\/posts\/6786","targetHints":{"allow":["GET"]}}],"collection":[{"href":"https:\/\/radiostudiow.com.br\/site\/wp-json\/wp\/v2\/posts"}],"about":[{"href":"https:\/\/radiostudiow.com.br\/site\/wp-json\/wp\/v2\/types\/post"}],"author":[{"embeddable":true,"href":"https:\/\/radiostudiow.com.br\/site\/wp-json\/wp\/v2\/users\/2"}],"replies":[{"embeddable":true,"href":"https:\/\/radiostudiow.com.br\/site\/wp-json\/wp\/v2\/comments?post=6786"}],"version-history":[{"count":1,"href":"https:\/\/radiostudiow.com.br\/site\/wp-json\/wp\/v2\/posts\/6786\/revisions"}],"predecessor-version":[{"id":6787,"href":"https:\/\/radiostudiow.com.br\/site\/wp-json\/wp\/v2\/posts\/6786\/revisions\/6787"}],"wp:featuredmedia":[{"embeddable":true,"href":"https:\/\/radiostudiow.com.br\/site\/wp-json\/wp\/v2\/media\/6284"}],"wp:attachment":[{"href":"https:\/\/radiostudiow.com.br\/site\/wp-json\/wp\/v2\/media?parent=6786"}],"wp:term":[{"taxonomy":"category","embeddable":true,"href":"https:\/\/radiostudiow.com.br\/site\/wp-json\/wp\/v2\/categories?post=6786"},{"taxonomy":"post_tag","embeddable":true,"href":"https:\/\/radiostudiow.com.br\/site\/wp-json\/wp\/v2\/tags?post=6786"}],"curies":[{"name":"wp","href":"https:\/\/api.w.org\/{rel}","templated":true}]}}