{"id":6789,"date":"2022-04-06T17:52:37","date_gmt":"2022-04-06T20:52:37","guid":{"rendered":"https:\/\/radiostudiow.com.br\/site\/?p=6789"},"modified":"2025-01-31T15:11:53","modified_gmt":"2025-01-31T18:11:53","slug":"carreta-tombo-na-br-476-entre-uniao-da-vitoria-e-sao-mateus-do-sul-e-deixa-transito-comprometido","status":"publish","type":"post","link":"https:\/\/radiostudiow.com.br\/site\/2022\/04\/06\/carreta-tombo-na-br-476-entre-uniao-da-vitoria-e-sao-mateus-do-sul-e-deixa-transito-comprometido\/","title":{"rendered":"Carreta tombo na BR-476 entre Uni\u00e3o da Vit\u00f3ria e S\u00e3o Mateus do Sul e deixa tr\u00e2nsito comprometido"},"content":{"rendered":"\n<figure class=\"wp-block-image size-full\"><img decoding=\"async\" src=\"https:\/\/radiostudiow.com.br\/site\/wp-content\/uploads\/2022\/03\/SEPAC.jpg\" alt=\"\" class=\"wp-image-6528\"\/><\/figure>\n\n\n\n<p>Mais um acidente de tr\u00e2nsito foi registrado durante a manh\u00e3 desta quarta-feira, 06 de abril, na rodovia BR-476. O acidente ocorreu na altura do KM 314 na regi\u00e3o que fica ente as cidades de Uni\u00e3o da Vit\u00f3ria e S\u00e3o Mateus do Sul.<\/p>\n\n\n\n<p>De acordo com as primeiras informa\u00e7\u00f5es sobre o acidente, o motorista de uma carreta Volvo carregada com chapas de compensados com placas da cidade de Palmas, acabou perdendo o controle e tombou na rodovia.<\/p>\n\n\n\n<p>Com acidente o local ficou em situa\u00e7\u00e3o de alerta em raz\u00e3o do vazamento de \u00f3leo. A Pol\u00edcia Rodovi\u00e1ria Federal \u2013 PRF foi acionada para controlar o tr\u00e2nsito. O motorista que n\u00e3o teve o nome divulgado, n\u00e3o se feriu.<\/p>\n\n\n\n<figure class=\"wp-block-image size-full\"><img decoding=\"async\" src=\"https:\/\/radiostudiow.com.br\/site\/wp-content\/uploads\/2022\/02\/HF-MALLET-1.jpg\" alt=\"\" class=\"wp-image-5726\"\/><\/figure>\n","protected":false},"excerpt":{"rendered":"<p>Mais um acidente de tr\u00e2nsito foi registrado durante a manh\u00e3 desta quarta-feira, 06 de abril, na rodovia BR-476. O acidente ocorreu na altura do KM 314 na regi\u00e3o que fica ente as cidades de Uni\u00e3o da Vit\u00f3ria e S\u00e3o Mateus do Sul. De acordo com as primeiras informa\u00e7\u00f5es sobre o acidente, o motorista de uma [&hellip;]<\/p>\n","protected":false},"author":2,"featured_media":6790,"comment_status":"open","ping_status":"open","sticky":false,"template":"","format":"standard","meta":{"footnotes":""},"categories":[2],"tags":[172],"class_list":["post-6789","post","type-post","status-publish","format-standard","has-post-thumbnail","hentry","category-policial","tag-featured"],"amp_enabled":true,"_links":{"self":[{"href":"https:\/\/radiostudiow.com.br\/site\/wp-json\/wp\/v2\/posts\/6789","targetHints":{"allow":["GET"]}}],"collection":[{"href":"https:\/\/radiostudiow.com.br\/site\/wp-json\/wp\/v2\/posts"}],"about":[{"href":"https:\/\/radiostudiow.com.br\/site\/wp-json\/wp\/v2\/types\/post"}],"author":[{"embeddable":true,"href":"https:\/\/radiostudiow.com.br\/site\/wp-json\/wp\/v2\/users\/2"}],"replies":[{"embeddable":true,"href":"https:\/\/radiostudiow.com.br\/site\/wp-json\/wp\/v2\/comments?post=6789"}],"version-history":[{"count":1,"href":"https:\/\/radiostudiow.com.br\/site\/wp-json\/wp\/v2\/posts\/6789\/revisions"}],"predecessor-version":[{"id":6791,"href":"https:\/\/radiostudiow.com.br\/site\/wp-json\/wp\/v2\/posts\/6789\/revisions\/6791"}],"wp:featuredmedia":[{"embeddable":true,"href":"https:\/\/radiostudiow.com.br\/site\/wp-json\/wp\/v2\/media\/6790"}],"wp:attachment":[{"href":"https:\/\/radiostudiow.com.br\/site\/wp-json\/wp\/v2\/media?parent=6789"}],"wp:term":[{"taxonomy":"category","embeddable":true,"href":"https:\/\/radiostudiow.com.br\/site\/wp-json\/wp\/v2\/categories?post=6789"},{"taxonomy":"post_tag","embeddable":true,"href":"https:\/\/radiostudiow.com.br\/site\/wp-json\/wp\/v2\/tags?post=6789"}],"curies":[{"name":"wp","href":"https:\/\/api.w.org\/{rel}","templated":true}]}}