{"id":680,"date":"2021-02-26T17:50:44","date_gmt":"2021-02-26T20:50:44","guid":{"rendered":"https:\/\/radiostudiow.com.br\/site\/?p=680"},"modified":"2025-01-15T09:28:56","modified_gmt":"2025-01-15T12:28:56","slug":"covid-19-acompanhe-o-boletim-de-casos-e-informacoes-da-secretaria-municipal-de-saude-de-mallet-2","status":"publish","type":"post","link":"https:\/\/radiostudiow.com.br\/site\/2021\/02\/26\/covid-19-acompanhe-o-boletim-de-casos-e-informacoes-da-secretaria-municipal-de-saude-de-mallet-2\/","title":{"rendered":"COVID-19: Boletim da Secretaria Municipal de Sa\u00fade de Mallet desta sexta\u2013feira, 26 de fevereiro de 2021"},"content":{"rendered":"\n<p>Acompanhe os n\u00fameros do \u00faltimo Boletim de casos da Covid-19 emitido nesta sexta \u2013 feira, 26 de Fevereiro, pela Secretaria Municipal de Sa\u00fade de Mallet e informa\u00e7\u00f5es da vacina contra o Coronav\u00edrus no munic\u00edpio.<\/p>\n\n\n\n<figure class=\"wp-block-image size-large\"><img decoding=\"async\" src=\"https:\/\/radiostudiow.com.br\/site\/wp-content\/uploads\/2021\/02\/WRNET-1.jpg\" alt=\"\" class=\"wp-image-683\"\/><\/figure>\n\n\n\n<p><strong>SAIBA MAIS!<\/strong><\/p>\n\n\n\n<p>Estamos enfrentando um grande desafio na batalha contra a Covid-19. O \u00edndice da taxa de reprodu\u00e7\u00e3o do v\u00edrus est\u00e1 acima da m\u00e9dia para a capacidade das UTIs. O Governo do Estado est\u00e1 aumentando o n\u00famero de leitos, mas, neste momento, precisamos reativar o isolamento social para garantir que o sistema de sa\u00fade n\u00e3o entre em colapso. Com preven\u00e7\u00e3o e cuidado, iremos passar por essa fase e Salvar Vidas. <\/p>\n\n\n\n<p>Confira a lista de atividades ESSENCIAIS e detalhes do decreto n\u00ba 6.983: <a rel=\"noreferrer noopener\" href=\"https:\/\/bit.ly\/2ZTlLqB?fbclid=IwAR2dFQr-QmyBw1wOuTgACjVri-6pvPMSi2JjSxWdMgmYYOz4X6dbBjQrtsk\" target=\"_blank\">https:\/\/bit.ly\/2ZTlLqB<\/a><\/p>\n\n\n\n<p><strong>&gt; Idosos com 80 a 89 anos receber\u00e3o a dose entre os dias 01\u00ba \u00e0 05 de Mar\u00e7o de 2021.<\/strong><\/p>\n\n\n\n<figure class=\"wp-block-image size-large\"><img decoding=\"async\" src=\"https:\/\/radiostudiow.com.br\/site\/wp-content\/uploads\/2021\/02\/SICREDI.jpg\" alt=\"\" class=\"wp-image-682\"\/><\/figure>\n","protected":false},"excerpt":{"rendered":"<p>Acompanhe os n\u00fameros do \u00faltimo Boletim de casos da Covid-19 emitido nesta sexta \u2013 feira, 26 de Fevereiro, pela Secretaria Municipal de Sa\u00fade de Mallet e informa\u00e7\u00f5es da vacina contra o Coronav\u00edrus no munic\u00edpio. SAIBA MAIS! Estamos enfrentando um grande desafio na batalha contra a Covid-19. O \u00edndice da taxa de reprodu\u00e7\u00e3o do v\u00edrus est\u00e1 [&hellip;]<\/p>\n","protected":false},"author":2,"featured_media":0,"comment_status":"open","ping_status":"open","sticky":false,"template":"","format":"standard","meta":{"footnotes":""},"categories":[7],"tags":[172],"class_list":["post-680","post","type-post","status-publish","format-standard","hentry","category-geral","tag-featured"],"amp_enabled":true,"_links":{"self":[{"href":"https:\/\/radiostudiow.com.br\/site\/wp-json\/wp\/v2\/posts\/680","targetHints":{"allow":["GET"]}}],"collection":[{"href":"https:\/\/radiostudiow.com.br\/site\/wp-json\/wp\/v2\/posts"}],"about":[{"href":"https:\/\/radiostudiow.com.br\/site\/wp-json\/wp\/v2\/types\/post"}],"author":[{"embeddable":true,"href":"https:\/\/radiostudiow.com.br\/site\/wp-json\/wp\/v2\/users\/2"}],"replies":[{"embeddable":true,"href":"https:\/\/radiostudiow.com.br\/site\/wp-json\/wp\/v2\/comments?post=680"}],"version-history":[{"count":4,"href":"https:\/\/radiostudiow.com.br\/site\/wp-json\/wp\/v2\/posts\/680\/revisions"}],"predecessor-version":[{"id":720,"href":"https:\/\/radiostudiow.com.br\/site\/wp-json\/wp\/v2\/posts\/680\/revisions\/720"}],"wp:attachment":[{"href":"https:\/\/radiostudiow.com.br\/site\/wp-json\/wp\/v2\/media?parent=680"}],"wp:term":[{"taxonomy":"category","embeddable":true,"href":"https:\/\/radiostudiow.com.br\/site\/wp-json\/wp\/v2\/categories?post=680"},{"taxonomy":"post_tag","embeddable":true,"href":"https:\/\/radiostudiow.com.br\/site\/wp-json\/wp\/v2\/tags?post=680"}],"curies":[{"name":"wp","href":"https:\/\/api.w.org\/{rel}","templated":true}]}}