{"id":6801,"date":"2022-04-07T15:27:32","date_gmt":"2022-04-07T18:27:32","guid":{"rendered":"https:\/\/radiostudiow.com.br\/site\/?p=6801"},"modified":"2025-01-31T15:11:52","modified_gmt":"2025-01-31T18:11:52","slug":"prf-realiza-apreensao-de-vinhos-estrangeiros-na-br-153-em-irati","status":"publish","type":"post","link":"https:\/\/radiostudiow.com.br\/site\/2022\/04\/07\/prf-realiza-apreensao-de-vinhos-estrangeiros-na-br-153-em-irati\/","title":{"rendered":"PRF realiza apreens\u00e3o de vinhos estrangeiros na BR-153 em Irati"},"content":{"rendered":"\n<figure class=\"wp-block-image size-full\"><img decoding=\"async\" src=\"https:\/\/radiostudiow.com.br\/site\/wp-content\/uploads\/2022\/03\/SEPAC.jpg\" alt=\"\" class=\"wp-image-6528\"\/><\/figure>\n\n\n\n<p>A Pol\u00edcia Rodovi\u00e1ria Federal (PRF) apreendeu, nesta quarta-feira, 06 de abril,\u00a0 em Irati, mais de 140 litros de vinho importado irregularmente da Argentina.\u00a0A situa\u00e7\u00e3o ocorreu por volta das 10h50, no km 337 da BR-153, no trecho urbano da rodovia.<\/p>\n\n\n\n<p>Durante a fiscaliza\u00e7\u00e3o, no interior do ve\u00edculo Ford Escort, com placas de Marmeleiro-PR, foi verificada a exist\u00eancia de 34 caixas de vinho de origem argentina (145 litros) sem o devido desembara\u00e7o aduaneiro, dentro do bagageiro e sobre os bancos.<\/p>\n\n\n\n<p>O motorista, de 44 anos, informou \u00e0 equipe policial\u00a0 que pegou a mercadoria em Dion\u00edsio Cerqueira (SC) e entregaria em Curitiba (PR).<\/p>\n\n\n\n<p>O ve\u00edculo e carga foram&nbsp; encaminhados para a Receita Federal de Ponta Grossa e o condutor&nbsp; do ve\u00edculo&nbsp; encaminhado para a Delegacia de Pol\u00edcia Federal para as provid\u00eancias cab\u00edveis.<\/p>\n\n\n\n<p>Art.\u00a0334\u00a0\u2013 Importar ou exportar mercadoria proibida ou iludir, no todo ou em parte, o pagamento de direito ou imposto devido pela entrada, pela sa\u00edda ou pelo consumo de mercadoria: Pena \u2013 reclus\u00e3o, de 1 (um) a 4 (quatro) anos.<\/p>\n\n\n\n<figure class=\"wp-block-image size-full\"><img decoding=\"async\" src=\"https:\/\/radiostudiow.com.br\/site\/wp-content\/uploads\/2022\/02\/AFUBRE-IRATI.jpg\" alt=\"\" class=\"wp-image-6019\"\/><\/figure>\n\n\n\n<p><em>Informa\u00e7\u00f5es: BDCom PRF<\/em><\/p>\n","protected":false},"excerpt":{"rendered":"<p>A Pol\u00edcia Rodovi\u00e1ria Federal (PRF) apreendeu, nesta quarta-feira, 06 de abril,\u00a0 em Irati, mais de 140 litros de vinho importado irregularmente da Argentina.\u00a0A situa\u00e7\u00e3o ocorreu por volta das 10h50, no km 337 da BR-153, no trecho urbano da rodovia. Durante a fiscaliza\u00e7\u00e3o, no interior do ve\u00edculo Ford Escort, com placas de Marmeleiro-PR, foi verificada a [&hellip;]<\/p>\n","protected":false},"author":2,"featured_media":6802,"comment_status":"open","ping_status":"open","sticky":false,"template":"","format":"standard","meta":{"footnotes":""},"categories":[2],"tags":[172],"class_list":["post-6801","post","type-post","status-publish","format-standard","has-post-thumbnail","hentry","category-policial","tag-featured"],"amp_enabled":true,"_links":{"self":[{"href":"https:\/\/radiostudiow.com.br\/site\/wp-json\/wp\/v2\/posts\/6801","targetHints":{"allow":["GET"]}}],"collection":[{"href":"https:\/\/radiostudiow.com.br\/site\/wp-json\/wp\/v2\/posts"}],"about":[{"href":"https:\/\/radiostudiow.com.br\/site\/wp-json\/wp\/v2\/types\/post"}],"author":[{"embeddable":true,"href":"https:\/\/radiostudiow.com.br\/site\/wp-json\/wp\/v2\/users\/2"}],"replies":[{"embeddable":true,"href":"https:\/\/radiostudiow.com.br\/site\/wp-json\/wp\/v2\/comments?post=6801"}],"version-history":[{"count":1,"href":"https:\/\/radiostudiow.com.br\/site\/wp-json\/wp\/v2\/posts\/6801\/revisions"}],"predecessor-version":[{"id":6803,"href":"https:\/\/radiostudiow.com.br\/site\/wp-json\/wp\/v2\/posts\/6801\/revisions\/6803"}],"wp:featuredmedia":[{"embeddable":true,"href":"https:\/\/radiostudiow.com.br\/site\/wp-json\/wp\/v2\/media\/6802"}],"wp:attachment":[{"href":"https:\/\/radiostudiow.com.br\/site\/wp-json\/wp\/v2\/media?parent=6801"}],"wp:term":[{"taxonomy":"category","embeddable":true,"href":"https:\/\/radiostudiow.com.br\/site\/wp-json\/wp\/v2\/categories?post=6801"},{"taxonomy":"post_tag","embeddable":true,"href":"https:\/\/radiostudiow.com.br\/site\/wp-json\/wp\/v2\/tags?post=6801"}],"curies":[{"name":"wp","href":"https:\/\/api.w.org\/{rel}","templated":true}]}}