{"id":6804,"date":"2022-04-07T16:58:52","date_gmt":"2022-04-07T19:58:52","guid":{"rendered":"https:\/\/radiostudiow.com.br\/site\/?p=6804"},"modified":"2025-01-31T15:11:52","modified_gmt":"2025-01-31T18:11:52","slug":"acidente-com-vitima-fatal-na-br-373-em-imbituva","status":"publish","type":"post","link":"https:\/\/radiostudiow.com.br\/site\/2022\/04\/07\/acidente-com-vitima-fatal-na-br-373-em-imbituva\/","title":{"rendered":"Acidente com v\u00edtima fatal na BR-373 em Imbituva"},"content":{"rendered":"\n<figure class=\"wp-block-image size-full\"><img decoding=\"async\" src=\"https:\/\/radiostudiow.com.br\/site\/wp-content\/uploads\/2022\/02\/SICREDI.jpg\" alt=\"\" class=\"wp-image-5731\"\/><\/figure>\n\n\n\n<p>Acidente ocorrido na BR-373, por volta de 12:20 horas de hoje, 07\/04, na localidade de Mato Branco, \u00e1rea rural do Munic\u00edpio de Imbituva, tirou a vida da jovem Marta Amanda Liques Penteado, 27 anos.<\/p>\n\n\n\n<p>O acidente foi do tipo colis\u00e3o envolvendo um ve\u00edculo MMC\/L200 TRITON e uma moto HONDA\/BIZ 125. Marta estava na motocicleta e entrou em \u00f3bito no local.<\/p>\n\n\n\n<p>\u00c9 Marta era residente em Imbituva e o vel\u00f3rio ser\u00e1 na Capela Mortu\u00e1ria do Mato Branco, seu sepultamento ser\u00e1, amanh\u00e3 dia 08\/04\/2022 \u00e0s 17:00hrs no Cemit\u00e9rio Cristo Rei.<\/p>\n\n\n\n<figure class=\"wp-block-image size-full\"><img decoding=\"async\" src=\"https:\/\/radiostudiow.com.br\/site\/wp-content\/uploads\/2022\/03\/WRNET.jpg\" alt=\"\" class=\"wp-image-6277\"\/><\/figure>\n\n\n\n<p>AOS FAMILIARES E AMIGOS OS NOSSOS SENTIMENTOS<\/p>\n\n\n\n<p><em>Fonte: <a href=\"https:\/\/copasverdesfm.com.br\/\">https:\/\/copasverdesfm.com.br\/<\/a><\/em><\/p>\n","protected":false},"excerpt":{"rendered":"<p>Acidente ocorrido na BR-373, por volta de 12:20 horas de hoje, 07\/04, na localidade de Mato Branco, \u00e1rea rural do Munic\u00edpio de Imbituva, tirou a vida da jovem Marta Amanda Liques Penteado, 27 anos. O acidente foi do tipo colis\u00e3o envolvendo um ve\u00edculo MMC\/L200 TRITON e uma moto HONDA\/BIZ 125. Marta estava na motocicleta e [&hellip;]<\/p>\n","protected":false},"author":2,"featured_media":6805,"comment_status":"open","ping_status":"open","sticky":false,"template":"","format":"standard","meta":{"footnotes":""},"categories":[2],"tags":[172],"class_list":["post-6804","post","type-post","status-publish","format-standard","has-post-thumbnail","hentry","category-policial","tag-featured"],"amp_enabled":true,"_links":{"self":[{"href":"https:\/\/radiostudiow.com.br\/site\/wp-json\/wp\/v2\/posts\/6804","targetHints":{"allow":["GET"]}}],"collection":[{"href":"https:\/\/radiostudiow.com.br\/site\/wp-json\/wp\/v2\/posts"}],"about":[{"href":"https:\/\/radiostudiow.com.br\/site\/wp-json\/wp\/v2\/types\/post"}],"author":[{"embeddable":true,"href":"https:\/\/radiostudiow.com.br\/site\/wp-json\/wp\/v2\/users\/2"}],"replies":[{"embeddable":true,"href":"https:\/\/radiostudiow.com.br\/site\/wp-json\/wp\/v2\/comments?post=6804"}],"version-history":[{"count":2,"href":"https:\/\/radiostudiow.com.br\/site\/wp-json\/wp\/v2\/posts\/6804\/revisions"}],"predecessor-version":[{"id":6809,"href":"https:\/\/radiostudiow.com.br\/site\/wp-json\/wp\/v2\/posts\/6804\/revisions\/6809"}],"wp:featuredmedia":[{"embeddable":true,"href":"https:\/\/radiostudiow.com.br\/site\/wp-json\/wp\/v2\/media\/6805"}],"wp:attachment":[{"href":"https:\/\/radiostudiow.com.br\/site\/wp-json\/wp\/v2\/media?parent=6804"}],"wp:term":[{"taxonomy":"category","embeddable":true,"href":"https:\/\/radiostudiow.com.br\/site\/wp-json\/wp\/v2\/categories?post=6804"},{"taxonomy":"post_tag","embeddable":true,"href":"https:\/\/radiostudiow.com.br\/site\/wp-json\/wp\/v2\/tags?post=6804"}],"curies":[{"name":"wp","href":"https:\/\/api.w.org\/{rel}","templated":true}]}}