{"id":6811,"date":"2022-04-08T09:51:19","date_gmt":"2022-04-08T12:51:19","guid":{"rendered":"https:\/\/radiostudiow.com.br\/site\/?p=6811"},"modified":"2025-01-31T15:11:52","modified_gmt":"2025-01-31T18:11:52","slug":"briga-entre-moradores-de-rua-termina-com-homem-esfaqueado-em-irati","status":"publish","type":"post","link":"https:\/\/radiostudiow.com.br\/site\/2022\/04\/08\/briga-entre-moradores-de-rua-termina-com-homem-esfaqueado-em-irati\/","title":{"rendered":"Briga entre moradores de rua termina com homem esfaqueado em Irati"},"content":{"rendered":"\n<p>Autor das agress\u00f5es foi preso pela PM. J\u00e1 o homem agredido foi socorrido em estado grave e levado para a Santa Casa de Irati, segundo os policiais.<\/p>\n\n\n\n<figure class=\"wp-block-image size-full\"><img decoding=\"async\" src=\"https:\/\/radiostudiow.com.br\/site\/wp-content\/uploads\/2022\/03\/vem_ai.jpg\" alt=\"\" class=\"wp-image-6364\"\/><\/figure>\n\n\n\n<p>Uma briga entre dois moradores de rua foi registrada no in\u00edcio da noite desta quinta-feira, 7, na rua Munhoz da Rocha, no centro de Irati. Durante o desentendimento, um homem, de 39 anos, foi ferido com golpes de faca. O agressor, de 36 anos, foi preso pela Pol\u00edcia Militar.<\/p>\n\n\n\n<p>Os policiais foram acionados de forma an\u00f4nima. O autor das agress\u00f5es foi localizado nas proximidades da prefeitura. Ao ser abordado, ele alegou que o homem agredido tentou roubar sua bolsa. O agressor disse que esfaqueou o outro morador de rua quando estava se defendendo.\u00a0<\/p>\n\n\n\n<figure class=\"wp-block-image size-full\"><img decoding=\"async\" src=\"https:\/\/radiostudiow.com.br\/site\/wp-content\/uploads\/2022\/03\/NUTRI-MALLET.jpg\" alt=\"\" class=\"wp-image-6400\"\/><\/figure>\n\n\n\n<p><br>Durante a abordagem, o homem jogou uma faca que tem entre 12 e 15 cent\u00edmetros ao lado de um muro. Segundo a PM, a faca estava suja de sangue, assim como as m\u00e3os, bra\u00e7os e roupas do autor das agress\u00f5es, que foi detido. O homem agredido foi encaminhado para a Santa Casa de Irati em estado grave. Ele sofreu ferimentos no bra\u00e7o e abaixo da axila, conforme o Corpo de Bombeiros. Testemunhas afirmaram aos policiais que a briga ocorreu em cima da cal\u00e7ada.<\/p>\n\n\n\n<figure class=\"wp-block-image size-large\"><img loading=\"lazy\" decoding=\"async\" width=\"1024\" height=\"399\" src=\"https:\/\/radiostudiow.com.br\/site\/wp-content\/uploads\/2022\/04\/FB_IMG_1649358263582-1024x1024-2-1024x399.jpg\" alt=\"\" class=\"wp-image-6813\" srcset=\"https:\/\/radiostudiow.com.br\/site\/wp-content\/uploads\/2022\/04\/FB_IMG_1649358263582-1024x1024-2-1024x399.jpg 1024w, https:\/\/radiostudiow.com.br\/site\/wp-content\/uploads\/2022\/04\/FB_IMG_1649358263582-1024x1024-2-300x117.jpg 300w, https:\/\/radiostudiow.com.br\/site\/wp-content\/uploads\/2022\/04\/FB_IMG_1649358263582-1024x1024-2-768x299.jpg 768w, https:\/\/radiostudiow.com.br\/site\/wp-content\/uploads\/2022\/04\/FB_IMG_1649358263582-1024x1024-2-1536x598.jpg 1536w, https:\/\/radiostudiow.com.br\/site\/wp-content\/uploads\/2022\/04\/FB_IMG_1649358263582-1024x1024-2.jpg 1595w\" sizes=\"auto, (max-width: 1024px) 100vw, 1024px\" \/><\/figure>\n","protected":false},"excerpt":{"rendered":"<p>Autor das agress\u00f5es foi preso pela PM. J\u00e1 o homem agredido foi socorrido em estado grave e levado para a Santa Casa de Irati, segundo os policiais. Uma briga entre dois moradores de rua foi registrada no in\u00edcio da noite desta quinta-feira, 7, na rua Munhoz da Rocha, no centro de Irati. Durante o desentendimento, [&hellip;]<\/p>\n","protected":false},"author":2,"featured_media":6812,"comment_status":"open","ping_status":"open","sticky":false,"template":"","format":"standard","meta":{"footnotes":""},"categories":[2],"tags":[172],"class_list":["post-6811","post","type-post","status-publish","format-standard","has-post-thumbnail","hentry","category-policial","tag-featured"],"amp_enabled":true,"_links":{"self":[{"href":"https:\/\/radiostudiow.com.br\/site\/wp-json\/wp\/v2\/posts\/6811","targetHints":{"allow":["GET"]}}],"collection":[{"href":"https:\/\/radiostudiow.com.br\/site\/wp-json\/wp\/v2\/posts"}],"about":[{"href":"https:\/\/radiostudiow.com.br\/site\/wp-json\/wp\/v2\/types\/post"}],"author":[{"embeddable":true,"href":"https:\/\/radiostudiow.com.br\/site\/wp-json\/wp\/v2\/users\/2"}],"replies":[{"embeddable":true,"href":"https:\/\/radiostudiow.com.br\/site\/wp-json\/wp\/v2\/comments?post=6811"}],"version-history":[{"count":1,"href":"https:\/\/radiostudiow.com.br\/site\/wp-json\/wp\/v2\/posts\/6811\/revisions"}],"predecessor-version":[{"id":6814,"href":"https:\/\/radiostudiow.com.br\/site\/wp-json\/wp\/v2\/posts\/6811\/revisions\/6814"}],"wp:featuredmedia":[{"embeddable":true,"href":"https:\/\/radiostudiow.com.br\/site\/wp-json\/wp\/v2\/media\/6812"}],"wp:attachment":[{"href":"https:\/\/radiostudiow.com.br\/site\/wp-json\/wp\/v2\/media?parent=6811"}],"wp:term":[{"taxonomy":"category","embeddable":true,"href":"https:\/\/radiostudiow.com.br\/site\/wp-json\/wp\/v2\/categories?post=6811"},{"taxonomy":"post_tag","embeddable":true,"href":"https:\/\/radiostudiow.com.br\/site\/wp-json\/wp\/v2\/tags?post=6811"}],"curies":[{"name":"wp","href":"https:\/\/api.w.org\/{rel}","templated":true}]}}