{"id":6836,"date":"2022-04-09T12:43:53","date_gmt":"2022-04-09T15:43:53","guid":{"rendered":"https:\/\/radiostudiow.com.br\/site\/?p=6836"},"modified":"2025-01-31T15:11:52","modified_gmt":"2025-01-31T18:11:52","slug":"carro-atinge-poste-na-rua-trajano-gracia-em-irati","status":"publish","type":"post","link":"https:\/\/radiostudiow.com.br\/site\/2022\/04\/09\/carro-atinge-poste-na-rua-trajano-gracia-em-irati\/","title":{"rendered":"Carro\u00a0atinge poste na rua Trajano Gr\u00e1cia em Irati"},"content":{"rendered":"\n<figure class=\"wp-block-image size-full\"><img decoding=\"async\" src=\"https:\/\/radiostudiow.com.br\/site\/wp-content\/uploads\/2022\/03\/NUTRI-MALLET.jpg\" alt=\"\" class=\"wp-image-6400\"\/><\/figure>\n\n\n\n<p>A Pol\u00edcia Militar de Irati e outros \u00f3rg\u00e3os de seguran\u00e7a atenderam um acidente na rua Trajano Gr\u00e1cia onde um ve\u00edculo, Hyunday Tucson, na cor preta acabou atingindo um poste por volta das 00:40 horas na madrugada de s\u00e1bado (09).<\/p>\n\n\n\n<p>O motorista de iniciais AC de 37 anos, sofreu ferimentos leves segundo informa\u00e7\u00f5es do Corpo de Bombeiros de Irati que prestou atendimento nesta ocorr\u00eancia.<\/p>\n\n\n\n<p>De acordo com o relat\u00f3rio policial apresentava sinais de embriaguez e foi encaminhado at\u00e9 a Delegacia de Pol\u00edcia Civil de Irati.<\/p>\n\n\n\n<figure class=\"wp-block-image size-full\"><img decoding=\"async\" src=\"https:\/\/radiostudiow.com.br\/site\/wp-content\/uploads\/2022\/03\/240387432_2992083691066122_4820772207429196742_n.jpg\" alt=\"\" class=\"wp-image-6405\"\/><\/figure>\n","protected":false},"excerpt":{"rendered":"<p>A Pol\u00edcia Militar de Irati e outros \u00f3rg\u00e3os de seguran\u00e7a atenderam um acidente na rua Trajano Gr\u00e1cia onde um ve\u00edculo, Hyunday Tucson, na cor preta acabou atingindo um poste por volta das 00:40 horas na madrugada de s\u00e1bado (09). O motorista de iniciais AC de 37 anos, sofreu ferimentos leves segundo informa\u00e7\u00f5es do Corpo de [&hellip;]<\/p>\n","protected":false},"author":2,"featured_media":6837,"comment_status":"open","ping_status":"open","sticky":false,"template":"","format":"standard","meta":{"footnotes":""},"categories":[2],"tags":[172],"class_list":["post-6836","post","type-post","status-publish","format-standard","has-post-thumbnail","hentry","category-policial","tag-featured"],"amp_enabled":true,"_links":{"self":[{"href":"https:\/\/radiostudiow.com.br\/site\/wp-json\/wp\/v2\/posts\/6836","targetHints":{"allow":["GET"]}}],"collection":[{"href":"https:\/\/radiostudiow.com.br\/site\/wp-json\/wp\/v2\/posts"}],"about":[{"href":"https:\/\/radiostudiow.com.br\/site\/wp-json\/wp\/v2\/types\/post"}],"author":[{"embeddable":true,"href":"https:\/\/radiostudiow.com.br\/site\/wp-json\/wp\/v2\/users\/2"}],"replies":[{"embeddable":true,"href":"https:\/\/radiostudiow.com.br\/site\/wp-json\/wp\/v2\/comments?post=6836"}],"version-history":[{"count":1,"href":"https:\/\/radiostudiow.com.br\/site\/wp-json\/wp\/v2\/posts\/6836\/revisions"}],"predecessor-version":[{"id":6838,"href":"https:\/\/radiostudiow.com.br\/site\/wp-json\/wp\/v2\/posts\/6836\/revisions\/6838"}],"wp:featuredmedia":[{"embeddable":true,"href":"https:\/\/radiostudiow.com.br\/site\/wp-json\/wp\/v2\/media\/6837"}],"wp:attachment":[{"href":"https:\/\/radiostudiow.com.br\/site\/wp-json\/wp\/v2\/media?parent=6836"}],"wp:term":[{"taxonomy":"category","embeddable":true,"href":"https:\/\/radiostudiow.com.br\/site\/wp-json\/wp\/v2\/categories?post=6836"},{"taxonomy":"post_tag","embeddable":true,"href":"https:\/\/radiostudiow.com.br\/site\/wp-json\/wp\/v2\/tags?post=6836"}],"curies":[{"name":"wp","href":"https:\/\/api.w.org\/{rel}","templated":true}]}}