{"id":6840,"date":"2022-04-09T12:52:33","date_gmt":"2022-04-09T15:52:33","guid":{"rendered":"https:\/\/radiostudiow.com.br\/site\/?p=6840"},"modified":"2025-01-31T15:11:52","modified_gmt":"2025-01-31T18:11:52","slug":"homem-de-40-anos-e-encontrado-morto-em-sao-mateus-do-sul","status":"publish","type":"post","link":"https:\/\/radiostudiow.com.br\/site\/2022\/04\/09\/homem-de-40-anos-e-encontrado-morto-em-sao-mateus-do-sul\/","title":{"rendered":"Homem de 40 anos \u00e9 encontrado morto em S\u00e3o Mateus do Sul"},"content":{"rendered":"\n<figure class=\"wp-block-image size-full\"><img decoding=\"async\" src=\"https:\/\/radiostudiow.com.br\/site\/wp-content\/uploads\/2022\/03\/vem_ai.jpg\" alt=\"\" class=\"wp-image-6364\"\/><\/figure>\n\n\n\n<p>Anderson Santos da Silva, de 40 anos, foi encontrado morto na tarde desta sexta-feira, 08 de abril, na Rua Casemiro Witkowski Neto, no bairro Jardim S\u00e3o Joaquim, pr\u00f3ximo \u00e0 ponte da Vila Bom Jesus.<\/p>\n\n\n\n<p>O Corpo de Bombeiros chegou a ser acionado por volta de 16:15 horas, por\u00e9m, o homem foi encontrado sem vida. A suspeita \u00e9 que ele tenha cometido suic\u00eddio.<\/p>\n\n\n\n<p>O corpo foi encaminhado ao Instituto M\u00e9dico-Legal (IML) de Uni\u00e3o da Vit\u00f3ria, e ap\u00f3s liberado, ser\u00e1 transladado para S\u00e3o Mateus do Sul, onde ser\u00e1 velado na capela do cemit\u00e9rio municipal.<\/p>\n\n\n\n<p>Sepultamento \u00e0s 08:00 horas desse domingo (10) no cemit\u00e9rio da Col\u00f4nia Taquaral.<\/p>\n\n\n\n<figure class=\"wp-block-image size-full\"><img decoding=\"async\" src=\"https:\/\/radiostudiow.com.br\/site\/wp-content\/uploads\/2022\/03\/SICREDI.jpg\" alt=\"\" class=\"wp-image-6409\"\/><\/figure>\n","protected":false},"excerpt":{"rendered":"<p>Anderson Santos da Silva, de 40 anos, foi encontrado morto na tarde desta sexta-feira, 08 de abril, na Rua Casemiro Witkowski Neto, no bairro Jardim S\u00e3o Joaquim, pr\u00f3ximo \u00e0 ponte da Vila Bom Jesus. O Corpo de Bombeiros chegou a ser acionado por volta de 16:15 horas, por\u00e9m, o homem foi encontrado sem vida. A [&hellip;]<\/p>\n","protected":false},"author":2,"featured_media":6841,"comment_status":"open","ping_status":"open","sticky":false,"template":"","format":"standard","meta":{"footnotes":""},"categories":[2],"tags":[172],"class_list":["post-6840","post","type-post","status-publish","format-standard","has-post-thumbnail","hentry","category-policial","tag-featured"],"amp_enabled":true,"_links":{"self":[{"href":"https:\/\/radiostudiow.com.br\/site\/wp-json\/wp\/v2\/posts\/6840","targetHints":{"allow":["GET"]}}],"collection":[{"href":"https:\/\/radiostudiow.com.br\/site\/wp-json\/wp\/v2\/posts"}],"about":[{"href":"https:\/\/radiostudiow.com.br\/site\/wp-json\/wp\/v2\/types\/post"}],"author":[{"embeddable":true,"href":"https:\/\/radiostudiow.com.br\/site\/wp-json\/wp\/v2\/users\/2"}],"replies":[{"embeddable":true,"href":"https:\/\/radiostudiow.com.br\/site\/wp-json\/wp\/v2\/comments?post=6840"}],"version-history":[{"count":1,"href":"https:\/\/radiostudiow.com.br\/site\/wp-json\/wp\/v2\/posts\/6840\/revisions"}],"predecessor-version":[{"id":6842,"href":"https:\/\/radiostudiow.com.br\/site\/wp-json\/wp\/v2\/posts\/6840\/revisions\/6842"}],"wp:featuredmedia":[{"embeddable":true,"href":"https:\/\/radiostudiow.com.br\/site\/wp-json\/wp\/v2\/media\/6841"}],"wp:attachment":[{"href":"https:\/\/radiostudiow.com.br\/site\/wp-json\/wp\/v2\/media?parent=6840"}],"wp:term":[{"taxonomy":"category","embeddable":true,"href":"https:\/\/radiostudiow.com.br\/site\/wp-json\/wp\/v2\/categories?post=6840"},{"taxonomy":"post_tag","embeddable":true,"href":"https:\/\/radiostudiow.com.br\/site\/wp-json\/wp\/v2\/tags?post=6840"}],"curies":[{"name":"wp","href":"https:\/\/api.w.org\/{rel}","templated":true}]}}