{"id":6881,"date":"2022-04-11T14:19:24","date_gmt":"2022-04-11T17:19:24","guid":{"rendered":"https:\/\/radiostudiow.com.br\/site\/?p=6881"},"modified":"2025-01-31T15:11:52","modified_gmt":"2025-01-31T18:11:52","slug":"bombeiros-iniciam-buscas-por-jovem-desaparecido-em-cruz-machado","status":"publish","type":"post","link":"https:\/\/radiostudiow.com.br\/site\/2022\/04\/11\/bombeiros-iniciam-buscas-por-jovem-desaparecido-em-cruz-machado\/","title":{"rendered":"Bombeiros iniciam buscas por jovem desaparecido em Cruz Machado que pode estar nas \u00e1guas do rio Palmital"},"content":{"rendered":"\n<p><a href=\"javascript:void(0);\"><\/a><\/p>\n\n\n\n<figure class=\"wp-block-image size-full\"><img decoding=\"async\" src=\"https:\/\/radiostudiow.com.br\/site\/wp-content\/uploads\/2022\/03\/240387432_2992083691066122_4820772207429196742_n.jpg\" alt=\"\" class=\"wp-image-6405\"\/><\/figure>\n\n\n\n<p>A equipe do Corpo de Bombeiros iniciou nesta manh\u00e3 de domingo, 10 de abril, \u00e0s buscas por um jovem que est\u00e1 desaparecido e pode estar nas \u00e1guas do rio Palmital em Cruz Machado.<\/p>\n\n\n\n<p>De acordo com informa\u00e7\u00f5es, o jovem est\u00e1 desaparecido desde o s\u00e1bado (09), quando saiu para ir ao encontro de um familiar e n\u00e3o deu mais not\u00edcias.<\/p>\n\n\n\n<p>Neste domingo, foi encontrado alguns pertences do jovem na margem do rio Palmital, indicando que o rapaz de 20 anos pode estar nas \u00e1guas do rio. As equipes fazem buscas no local.<\/p>\n\n\n\n<figure class=\"wp-block-image size-full\"><img decoding=\"async\" src=\"https:\/\/radiostudiow.com.br\/site\/wp-content\/uploads\/2022\/03\/NUTRI-MALLET.jpg\" alt=\"\" class=\"wp-image-6400\"\/><\/figure>\n","protected":false},"excerpt":{"rendered":"<p>A equipe do Corpo de Bombeiros iniciou nesta manh\u00e3 de domingo, 10 de abril, \u00e0s buscas por um jovem que est\u00e1 desaparecido e pode estar nas \u00e1guas do rio Palmital em Cruz Machado. De acordo com informa\u00e7\u00f5es, o jovem est\u00e1 desaparecido desde o s\u00e1bado (09), quando saiu para ir ao encontro de um familiar e [&hellip;]<\/p>\n","protected":false},"author":2,"featured_media":6882,"comment_status":"open","ping_status":"open","sticky":false,"template":"","format":"standard","meta":{"footnotes":""},"categories":[2],"tags":[172],"class_list":["post-6881","post","type-post","status-publish","format-standard","has-post-thumbnail","hentry","category-policial","tag-featured"],"amp_enabled":true,"_links":{"self":[{"href":"https:\/\/radiostudiow.com.br\/site\/wp-json\/wp\/v2\/posts\/6881","targetHints":{"allow":["GET"]}}],"collection":[{"href":"https:\/\/radiostudiow.com.br\/site\/wp-json\/wp\/v2\/posts"}],"about":[{"href":"https:\/\/radiostudiow.com.br\/site\/wp-json\/wp\/v2\/types\/post"}],"author":[{"embeddable":true,"href":"https:\/\/radiostudiow.com.br\/site\/wp-json\/wp\/v2\/users\/2"}],"replies":[{"embeddable":true,"href":"https:\/\/radiostudiow.com.br\/site\/wp-json\/wp\/v2\/comments?post=6881"}],"version-history":[{"count":2,"href":"https:\/\/radiostudiow.com.br\/site\/wp-json\/wp\/v2\/posts\/6881\/revisions"}],"predecessor-version":[{"id":6886,"href":"https:\/\/radiostudiow.com.br\/site\/wp-json\/wp\/v2\/posts\/6881\/revisions\/6886"}],"wp:featuredmedia":[{"embeddable":true,"href":"https:\/\/radiostudiow.com.br\/site\/wp-json\/wp\/v2\/media\/6882"}],"wp:attachment":[{"href":"https:\/\/radiostudiow.com.br\/site\/wp-json\/wp\/v2\/media?parent=6881"}],"wp:term":[{"taxonomy":"category","embeddable":true,"href":"https:\/\/radiostudiow.com.br\/site\/wp-json\/wp\/v2\/categories?post=6881"},{"taxonomy":"post_tag","embeddable":true,"href":"https:\/\/radiostudiow.com.br\/site\/wp-json\/wp\/v2\/tags?post=6881"}],"curies":[{"name":"wp","href":"https:\/\/api.w.org\/{rel}","templated":true}]}}