{"id":6891,"date":"2022-04-11T16:05:17","date_gmt":"2022-04-11T19:05:17","guid":{"rendered":"https:\/\/radiostudiow.com.br\/site\/?p=6891"},"modified":"2025-01-31T15:10:12","modified_gmt":"2025-01-31T18:10:12","slug":"pm-de-sao-mateus-do-sul-localiza-cocaina-com-jovem","status":"publish","type":"post","link":"https:\/\/radiostudiow.com.br\/site\/2022\/04\/11\/pm-de-sao-mateus-do-sul-localiza-cocaina-com-jovem\/","title":{"rendered":"PM de S\u00e3o Mateus do Sul localiza coca\u00edna com jovem"},"content":{"rendered":"\n<p>A Pol\u00edcia Militar apreendeu uma quantidade de coca\u00edna, durante uma abordagem neste s\u00e1bado (9).<\/p>\n\n\n\n<p>Durante patrulhamento pela Rua Ulisses Faria, os policiais perceberam que uma jovem demonstrou desconforto com a presen\u00e7a da viatura, quando tentou entrar rapidamente em uma casa noturna. Com a suspeita foi encontrada em seu bolso uma bucha contendo cerca de 0,34 gramas de coca\u00edna.<\/p>\n\n\n\n<p>Diante dos fatos, a mulher foi encaminhada \u00e0 3\u00aa Cia para confec\u00e7\u00e3o do Termo Circunstanciado.<\/p>\n\n\n\n<figure class=\"wp-block-image size-full\"><img decoding=\"async\" src=\"https:\/\/radiostudiow.com.br\/site\/wp-content\/uploads\/2022\/02\/SEPAC-2.jpg\" alt=\"\" class=\"wp-image-5827\"\/><\/figure>\n","protected":false},"excerpt":{"rendered":"<p>A Pol\u00edcia Militar apreendeu uma quantidade de coca\u00edna, durante uma abordagem neste s\u00e1bado (9). Durante patrulhamento pela Rua Ulisses Faria, os policiais perceberam que uma jovem demonstrou desconforto com a presen\u00e7a da viatura, quando tentou entrar rapidamente em uma casa noturna. Com a suspeita foi encontrada em seu bolso uma bucha contendo cerca de 0,34 [&hellip;]<\/p>\n","protected":false},"author":2,"featured_media":6892,"comment_status":"open","ping_status":"open","sticky":false,"template":"","format":"standard","meta":{"footnotes":""},"categories":[2],"tags":[172],"class_list":["post-6891","post","type-post","status-publish","format-standard","has-post-thumbnail","hentry","category-policial","tag-featured"],"amp_enabled":true,"_links":{"self":[{"href":"https:\/\/radiostudiow.com.br\/site\/wp-json\/wp\/v2\/posts\/6891","targetHints":{"allow":["GET"]}}],"collection":[{"href":"https:\/\/radiostudiow.com.br\/site\/wp-json\/wp\/v2\/posts"}],"about":[{"href":"https:\/\/radiostudiow.com.br\/site\/wp-json\/wp\/v2\/types\/post"}],"author":[{"embeddable":true,"href":"https:\/\/radiostudiow.com.br\/site\/wp-json\/wp\/v2\/users\/2"}],"replies":[{"embeddable":true,"href":"https:\/\/radiostudiow.com.br\/site\/wp-json\/wp\/v2\/comments?post=6891"}],"version-history":[{"count":1,"href":"https:\/\/radiostudiow.com.br\/site\/wp-json\/wp\/v2\/posts\/6891\/revisions"}],"predecessor-version":[{"id":6893,"href":"https:\/\/radiostudiow.com.br\/site\/wp-json\/wp\/v2\/posts\/6891\/revisions\/6893"}],"wp:featuredmedia":[{"embeddable":true,"href":"https:\/\/radiostudiow.com.br\/site\/wp-json\/wp\/v2\/media\/6892"}],"wp:attachment":[{"href":"https:\/\/radiostudiow.com.br\/site\/wp-json\/wp\/v2\/media?parent=6891"}],"wp:term":[{"taxonomy":"category","embeddable":true,"href":"https:\/\/radiostudiow.com.br\/site\/wp-json\/wp\/v2\/categories?post=6891"},{"taxonomy":"post_tag","embeddable":true,"href":"https:\/\/radiostudiow.com.br\/site\/wp-json\/wp\/v2\/tags?post=6891"}],"curies":[{"name":"wp","href":"https:\/\/api.w.org\/{rel}","templated":true}]}}