{"id":6897,"date":"2022-04-11T17:29:01","date_gmt":"2022-04-11T20:29:01","guid":{"rendered":"https:\/\/radiostudiow.com.br\/site\/?p=6897"},"modified":"2025-01-31T15:10:12","modified_gmt":"2025-01-31T18:10:12","slug":"homem-aciona-pm-de-mallet-apos-ouvir-briga-em-vizinho","status":"publish","type":"post","link":"https:\/\/radiostudiow.com.br\/site\/2022\/04\/11\/homem-aciona-pm-de-mallet-apos-ouvir-briga-em-vizinho\/","title":{"rendered":"Homem aciona PM de Mallet ap\u00f3s ouvir briga em vizinho"},"content":{"rendered":"\n<figure class=\"wp-block-image size-full\"><img decoding=\"async\" src=\"https:\/\/radiostudiow.com.br\/site\/wp-content\/uploads\/2022\/03\/vem_ai.jpg\" alt=\"\" class=\"wp-image-6364\"\/><\/figure>\n\n\n\n<p>A equipe da Pol\u00edcia Militar de Mallet \u00a0foi acionada por um homem ap\u00f3s ocorrer uma situa\u00e7\u00e3o de amea\u00e7a por volta das 11:30 horas desse s\u00e1bado (10).<\/p>\n\n\n\n<p>De acordo com o relat\u00f3rio policial, o solicitante relatou que dois masculinos estariam no interior de uma resid\u00eancia em vias de fato.<\/p>\n\n\n\n<p>Deslocado at\u00e9 o local e feito contato com a senhora respons\u00e1vel pela resid\u00eancia, a qual relatou que seu filho chegou no local embriagado e come\u00e7ou quebrar alguns objetos da casa e amea\u00e7ar de agredir os moradores da casa e discutiu com seu irm\u00e3o e logo em seguida saiu tomando rumo ignorado.<\/p>\n\n\n\n<p>A equipe orientou a quanto aos procedimentos, perguntado a v\u00edtima se o mesmo fosse localizado se teria interesse em representar falou que n\u00e3o, somente queria que ele n\u00e3o retornasse mais no local.<\/p>\n\n\n\n<figure class=\"wp-block-image size-full\"><img decoding=\"async\" src=\"https:\/\/radiostudiow.com.br\/site\/wp-content\/uploads\/2022\/03\/240387432_2992083691066122_4820772207429196742_n.jpg\" alt=\"\" class=\"wp-image-6405\"\/><\/figure>\n","protected":false},"excerpt":{"rendered":"<p>A equipe da Pol\u00edcia Militar de Mallet \u00a0foi acionada por um homem ap\u00f3s ocorrer uma situa\u00e7\u00e3o de amea\u00e7a por volta das 11:30 horas desse s\u00e1bado (10). De acordo com o relat\u00f3rio policial, o solicitante relatou que dois masculinos estariam no interior de uma resid\u00eancia em vias de fato. Deslocado at\u00e9 o local e feito contato [&hellip;]<\/p>\n","protected":false},"author":2,"featured_media":6898,"comment_status":"open","ping_status":"open","sticky":false,"template":"","format":"standard","meta":{"footnotes":""},"categories":[2],"tags":[172],"class_list":["post-6897","post","type-post","status-publish","format-standard","has-post-thumbnail","hentry","category-policial","tag-featured"],"amp_enabled":true,"_links":{"self":[{"href":"https:\/\/radiostudiow.com.br\/site\/wp-json\/wp\/v2\/posts\/6897","targetHints":{"allow":["GET"]}}],"collection":[{"href":"https:\/\/radiostudiow.com.br\/site\/wp-json\/wp\/v2\/posts"}],"about":[{"href":"https:\/\/radiostudiow.com.br\/site\/wp-json\/wp\/v2\/types\/post"}],"author":[{"embeddable":true,"href":"https:\/\/radiostudiow.com.br\/site\/wp-json\/wp\/v2\/users\/2"}],"replies":[{"embeddable":true,"href":"https:\/\/radiostudiow.com.br\/site\/wp-json\/wp\/v2\/comments?post=6897"}],"version-history":[{"count":1,"href":"https:\/\/radiostudiow.com.br\/site\/wp-json\/wp\/v2\/posts\/6897\/revisions"}],"predecessor-version":[{"id":6899,"href":"https:\/\/radiostudiow.com.br\/site\/wp-json\/wp\/v2\/posts\/6897\/revisions\/6899"}],"wp:featuredmedia":[{"embeddable":true,"href":"https:\/\/radiostudiow.com.br\/site\/wp-json\/wp\/v2\/media\/6898"}],"wp:attachment":[{"href":"https:\/\/radiostudiow.com.br\/site\/wp-json\/wp\/v2\/media?parent=6897"}],"wp:term":[{"taxonomy":"category","embeddable":true,"href":"https:\/\/radiostudiow.com.br\/site\/wp-json\/wp\/v2\/categories?post=6897"},{"taxonomy":"post_tag","embeddable":true,"href":"https:\/\/radiostudiow.com.br\/site\/wp-json\/wp\/v2\/tags?post=6897"}],"curies":[{"name":"wp","href":"https:\/\/api.w.org\/{rel}","templated":true}]}}