{"id":6907,"date":"2022-04-11T18:57:56","date_gmt":"2022-04-11T21:57:56","guid":{"rendered":"https:\/\/radiostudiow.com.br\/site\/?p=6907"},"modified":"2025-01-31T15:10:12","modified_gmt":"2025-01-31T18:10:12","slug":"11-de-abril-de-2022-marca-125-anos-de-inauguracao-da-1a-igreja-catolica-ucraniana-no-brasil","status":"publish","type":"post","link":"https:\/\/radiostudiow.com.br\/site\/2022\/04\/11\/11-de-abril-de-2022-marca-125-anos-de-inauguracao-da-1a-igreja-catolica-ucraniana-no-brasil\/","title":{"rendered":"11 de abril de 2022 marca 125 anos de inaugura\u00e7\u00e3o da 1\u00aa Igreja cat\u00f3lica ucraniana no Brasil"},"content":{"rendered":"\n<p>Uma carta redigida por Teodoro Pototskei em setembro de 1897 e direcionada para o jornal Svoboda \u2013 da comunidade ucraniana de Nova York, nos Estados Unidos da Am\u00e9rica, registra o feito. O imigrante relata a epopeia de sua fam\u00edlia, sa\u00edda da Ucr\u00e2nia em 1895, passagem por Lviv e G\u00eanova de onde embarcaram rumo ao Brasil em 8 de junho. Depois, a vinda do 1\u00ba padre e constru\u00e7\u00e3o da 1\u00aa igreja em Mallet.<\/p>\n\n\n\n<figure class=\"wp-block-image size-full\"><img decoding=\"async\" src=\"https:\/\/radiostudiow.com.br\/site\/wp-content\/uploads\/2022\/03\/240387432_2992083691066122_4820772207429196742_n.jpg\" alt=\"\" class=\"wp-image-6405\"\/><\/figure>\n\n\n\n<p>O documento foi publicado em peri\u00f3dicos da etnia e usado em diversos trabalhos e estudos. A riqueza de detalhes, no relato, atribu\u00ed \u00e0 comunidade da Col\u00f4nia Cinco, no munic\u00edpio de Mallet, o feito de edificar a 1\u00aa Igreja cat\u00f3lica genuinamente ucraniana do Brasil. Isso porque era a \u00fanica comunidade, dentre todos os n\u00facleos de imigrantes, com a presen\u00e7a de um sacerdote entre o povo e permanente.<\/p>\n\n\n\n<p>O padre Nicon Rozdolskei, vi\u00favo e nascido na Ucr\u00e2nia Ocidental em 1867, foi o \u2018arquiteto e pe\u00e7a chave\u2019 para reunir os imigrantes, escolher o local, benzer o terreno e gerenciar a constru\u00e7\u00e3o da 1\u00aa Igreja genuinamente ucraniana (cat\u00f3lica de Rio Bizantino) no Brasil. Ele foi, tamb\u00e9m, o 1\u00ba sacerdote autorizado em estabelecer resid\u00eancia no pa\u00eds pelo Arcebispo de Curitiba e atuar entre as comunidades de ucranianos.Antes de Nicon, outros dois padres visitaram comunidades ucranianas nesse in\u00edcio de imigra\u00e7\u00e3o: Prudent\u00f3polis, Lucena (hoje Itai\u00f3polis e na \u00e9poca pertence a Rio Negro) e Rio Claro (na \u00e9poca pertencente a S\u00e3o Jo\u00e3o do Triunfo, depois S\u00e3o Mateus do Sul e atual distrito de Mallet). <\/p>\n\n\n\n<p>A Col\u00f4nia Cinco \u2013 a menos de dez quil\u00f4metros do centro urbano malletense \u2013 concentrou um desses primeiros n\u00facleos de ucranianos.<\/p>\n\n\n\n<figure class=\"wp-block-image size-full\"><img decoding=\"async\" src=\"https:\/\/radiostudiow.com.br\/site\/wp-content\/uploads\/2022\/03\/NUTRI-MALLET.jpg\" alt=\"\" class=\"wp-image-6400\"\/><\/figure>\n\n\n\n<p>O padre Nicon, junto \u00e0 comunidade da Col\u00f4nia Cinco, levantou \u2018oficialmente\u2019 a primeira Igreja Cat\u00f3lica do Rito Oriental Bizantino em toda a Am\u00e9rica Latina, dedicada ao Divino Esp\u00edrito Santo. Depois, se deslocou para a Serra do Tigre. Esteve \u00e0 frente da constru\u00e7\u00e3o da Igreja S\u00e3o Miguel Arcanjo, restaurada em 2011. Existe uma outra edifica\u00e7\u00e3o anterior na regi\u00e3o de Itai\u00f3polis, mas sem presen\u00e7a de sacerdote e feita junto com poloneses.<\/p>\n\n\n\n<p>A carta de Pototskei menciona a chegada do padre, alguns meses antes, morada em sua pr\u00f3pria resid\u00eancia, depois mobiliza\u00e7\u00e3o da comunidade, escolha do terreno, ben\u00e7\u00e3o do local, in\u00edcio e conclus\u00e3o da obra. Segundo o relato, \u201cforam 55 dias felizes de constru\u00e7\u00e3o\u201d. Al\u00e9m de registrar, a edifica\u00e7\u00e3o da Col\u00f4nia Cinco, ser a \u201c\u00fanica Igreja Ucraniana no Brasil\u201d. Referendando o dia 11 de abril de 1897 a consagra\u00e7\u00e3o do templo.<\/p>\n","protected":false},"excerpt":{"rendered":"<p>Uma carta redigida por Teodoro Pototskei em setembro de 1897 e direcionada para o jornal Svoboda \u2013 da comunidade ucraniana de Nova York, nos Estados Unidos da Am\u00e9rica, registra o feito. O imigrante relata a epopeia de sua fam\u00edlia, sa\u00edda da Ucr\u00e2nia em 1895, passagem por Lviv e G\u00eanova de onde embarcaram rumo ao Brasil [&hellip;]<\/p>\n","protected":false},"author":2,"featured_media":6908,"comment_status":"open","ping_status":"open","sticky":false,"template":"","format":"standard","meta":{"footnotes":""},"categories":[184],"tags":[172],"class_list":["post-6907","post","type-post","status-publish","format-standard","has-post-thumbnail","hentry","category-local","tag-featured"],"amp_enabled":true,"_links":{"self":[{"href":"https:\/\/radiostudiow.com.br\/site\/wp-json\/wp\/v2\/posts\/6907","targetHints":{"allow":["GET"]}}],"collection":[{"href":"https:\/\/radiostudiow.com.br\/site\/wp-json\/wp\/v2\/posts"}],"about":[{"href":"https:\/\/radiostudiow.com.br\/site\/wp-json\/wp\/v2\/types\/post"}],"author":[{"embeddable":true,"href":"https:\/\/radiostudiow.com.br\/site\/wp-json\/wp\/v2\/users\/2"}],"replies":[{"embeddable":true,"href":"https:\/\/radiostudiow.com.br\/site\/wp-json\/wp\/v2\/comments?post=6907"}],"version-history":[{"count":1,"href":"https:\/\/radiostudiow.com.br\/site\/wp-json\/wp\/v2\/posts\/6907\/revisions"}],"predecessor-version":[{"id":6909,"href":"https:\/\/radiostudiow.com.br\/site\/wp-json\/wp\/v2\/posts\/6907\/revisions\/6909"}],"wp:featuredmedia":[{"embeddable":true,"href":"https:\/\/radiostudiow.com.br\/site\/wp-json\/wp\/v2\/media\/6908"}],"wp:attachment":[{"href":"https:\/\/radiostudiow.com.br\/site\/wp-json\/wp\/v2\/media?parent=6907"}],"wp:term":[{"taxonomy":"category","embeddable":true,"href":"https:\/\/radiostudiow.com.br\/site\/wp-json\/wp\/v2\/categories?post=6907"},{"taxonomy":"post_tag","embeddable":true,"href":"https:\/\/radiostudiow.com.br\/site\/wp-json\/wp\/v2\/tags?post=6907"}],"curies":[{"name":"wp","href":"https:\/\/api.w.org\/{rel}","templated":true}]}}