{"id":6919,"date":"2022-04-12T18:20:14","date_gmt":"2022-04-12T21:20:14","guid":{"rendered":"https:\/\/radiostudiow.com.br\/site\/?p=6919"},"modified":"2025-01-31T15:10:12","modified_gmt":"2025-01-31T18:10:12","slug":"motocicleta-e-furtada-em-cruz-machado-2","status":"publish","type":"post","link":"https:\/\/radiostudiow.com.br\/site\/2022\/04\/12\/motocicleta-e-furtada-em-cruz-machado-2\/","title":{"rendered":"Motocicleta \u00e9 furtada em Cruz Machado"},"content":{"rendered":"\n<figure class=\"wp-block-image size-full\"><img decoding=\"async\" src=\"https:\/\/radiostudiow.com.br\/site\/wp-content\/uploads\/2022\/03\/vem_ai.jpg\" alt=\"\" class=\"wp-image-6364\"\/><\/figure>\n\n\n\n<p>A Pol\u00edcia Militar de Cruz Machado registrou por volta das 00:10 desta ter\u00e7a-feira, 12 de mar\u00e7o, uma situa\u00e7\u00e3o de furto qualificado de uma motocicleta, o qual ocorreu na \u00e1rea central da cidade.<\/p>\n\n\n\n<p>De acordo com informa\u00e7\u00f5es divulgadas pela Pol\u00edcia, um homem que reside em Cruz Machado procurou pela Pol\u00edcia relatando que durante a noite teve sua motocicleta furtada da garagem de sua casa.<\/p>\n\n\n\n<p>Conforme informa\u00e7\u00f5es, a motocicleta se trata de uma Sundown\/Mas 125 SE com placas AVV-0229. O solicitante ainda relatou que n\u00e3o tem suspeitas de quem possa ser o autor do crime. Ele foi orientado.<\/p>\n\n\n\n<figure class=\"wp-block-image size-full\"><img decoding=\"async\" src=\"https:\/\/radiostudiow.com.br\/site\/wp-content\/uploads\/2022\/03\/SICREDI.jpg\" alt=\"\" class=\"wp-image-6409\"\/><\/figure>\n","protected":false},"excerpt":{"rendered":"<p>A Pol\u00edcia Militar de Cruz Machado registrou por volta das 00:10 desta ter\u00e7a-feira, 12 de mar\u00e7o, uma situa\u00e7\u00e3o de furto qualificado de uma motocicleta, o qual ocorreu na \u00e1rea central da cidade. De acordo com informa\u00e7\u00f5es divulgadas pela Pol\u00edcia, um homem que reside em Cruz Machado procurou pela Pol\u00edcia relatando que durante a noite teve [&hellip;]<\/p>\n","protected":false},"author":2,"featured_media":0,"comment_status":"open","ping_status":"open","sticky":false,"template":"","format":"standard","meta":{"footnotes":""},"categories":[2],"tags":[172],"class_list":["post-6919","post","type-post","status-publish","format-standard","hentry","category-policial","tag-featured"],"amp_enabled":true,"_links":{"self":[{"href":"https:\/\/radiostudiow.com.br\/site\/wp-json\/wp\/v2\/posts\/6919","targetHints":{"allow":["GET"]}}],"collection":[{"href":"https:\/\/radiostudiow.com.br\/site\/wp-json\/wp\/v2\/posts"}],"about":[{"href":"https:\/\/radiostudiow.com.br\/site\/wp-json\/wp\/v2\/types\/post"}],"author":[{"embeddable":true,"href":"https:\/\/radiostudiow.com.br\/site\/wp-json\/wp\/v2\/users\/2"}],"replies":[{"embeddable":true,"href":"https:\/\/radiostudiow.com.br\/site\/wp-json\/wp\/v2\/comments?post=6919"}],"version-history":[{"count":1,"href":"https:\/\/radiostudiow.com.br\/site\/wp-json\/wp\/v2\/posts\/6919\/revisions"}],"predecessor-version":[{"id":6921,"href":"https:\/\/radiostudiow.com.br\/site\/wp-json\/wp\/v2\/posts\/6919\/revisions\/6921"}],"wp:attachment":[{"href":"https:\/\/radiostudiow.com.br\/site\/wp-json\/wp\/v2\/media?parent=6919"}],"wp:term":[{"taxonomy":"category","embeddable":true,"href":"https:\/\/radiostudiow.com.br\/site\/wp-json\/wp\/v2\/categories?post=6919"},{"taxonomy":"post_tag","embeddable":true,"href":"https:\/\/radiostudiow.com.br\/site\/wp-json\/wp\/v2\/tags?post=6919"}],"curies":[{"name":"wp","href":"https:\/\/api.w.org\/{rel}","templated":true}]}}