{"id":6924,"date":"2022-04-12T18:55:32","date_gmt":"2022-04-12T21:55:32","guid":{"rendered":"https:\/\/radiostudiow.com.br\/site\/?p=6924"},"modified":"2025-01-31T15:10:12","modified_gmt":"2025-01-31T18:10:12","slug":"homem-e-preso-por-embriaguez-ao-volante-em-mallet-3","status":"publish","type":"post","link":"https:\/\/radiostudiow.com.br\/site\/2022\/04\/12\/homem-e-preso-por-embriaguez-ao-volante-em-mallet-3\/","title":{"rendered":"Homem \u00e9 preso por embriaguez ao volante em Mallet"},"content":{"rendered":"\n<figure class=\"wp-block-image size-full\"><img decoding=\"async\" src=\"https:\/\/radiostudiow.com.br\/site\/wp-content\/uploads\/2022\/03\/240387432_2992083691066122_4820772207429196742_n.jpg\" alt=\"\" class=\"wp-image-6405\"\/><\/figure>\n\n\n\n<p>A equipe da Pol\u00edcia Militar de Mallet prestou atendimento a um acidente de tr\u00e2nsito na \u00e1rea central da cidade \u00e0s 10:00 horas dessa segunda-feira (12).<\/p>\n\n\n\n<p>De acordo com o relat\u00f3rio policial, a PM recebeu uma denuncia aonde informava que o condutor de um ve\u00edculo GOL havia colidido contra um poste de ilumina\u00e7\u00e3o p\u00fablica.<\/p>\n\n\n\n<p>O condutor estava saindo do ve\u00edculo quando os policiais chegaram ao local, realizada a abordagem, foi constatado que o mesmo apresentava vis\u00edvel estado de embriaguez.<\/p>\n\n\n\n<p>Diante da situa\u00e7\u00e3o, foi deslocado com o mesmo at\u00e9 o pelot\u00e3o de Mallet para realizar o teste de etil\u00f4metro, o qual aferiu 1,33 mg\/l.<\/p>\n\n\n\n<p>Dado voz de pris\u00e3o ao mesmo, lido seus direitos constitucionais, conduzido at\u00e9 o hospital municipal para atendimento e entregue na 10\u00b0 DRP de Mallet.<\/p>\n\n\n\n<figure class=\"wp-block-image size-full\"><img decoding=\"async\" src=\"https:\/\/radiostudiow.com.br\/site\/wp-content\/uploads\/2022\/03\/NUTRI-MALLET.jpg\" alt=\"\" class=\"wp-image-6400\"\/><\/figure>\n","protected":false},"excerpt":{"rendered":"<p>A equipe da Pol\u00edcia Militar de Mallet prestou atendimento a um acidente de tr\u00e2nsito na \u00e1rea central da cidade \u00e0s 10:00 horas dessa segunda-feira (12). De acordo com o relat\u00f3rio policial, a PM recebeu uma denuncia aonde informava que o condutor de um ve\u00edculo GOL havia colidido contra um poste de ilumina\u00e7\u00e3o p\u00fablica. O condutor [&hellip;]<\/p>\n","protected":false},"author":2,"featured_media":5841,"comment_status":"open","ping_status":"open","sticky":false,"template":"","format":"standard","meta":{"footnotes":""},"categories":[2],"tags":[172],"class_list":["post-6924","post","type-post","status-publish","format-standard","has-post-thumbnail","hentry","category-policial","tag-featured"],"amp_enabled":true,"_links":{"self":[{"href":"https:\/\/radiostudiow.com.br\/site\/wp-json\/wp\/v2\/posts\/6924","targetHints":{"allow":["GET"]}}],"collection":[{"href":"https:\/\/radiostudiow.com.br\/site\/wp-json\/wp\/v2\/posts"}],"about":[{"href":"https:\/\/radiostudiow.com.br\/site\/wp-json\/wp\/v2\/types\/post"}],"author":[{"embeddable":true,"href":"https:\/\/radiostudiow.com.br\/site\/wp-json\/wp\/v2\/users\/2"}],"replies":[{"embeddable":true,"href":"https:\/\/radiostudiow.com.br\/site\/wp-json\/wp\/v2\/comments?post=6924"}],"version-history":[{"count":1,"href":"https:\/\/radiostudiow.com.br\/site\/wp-json\/wp\/v2\/posts\/6924\/revisions"}],"predecessor-version":[{"id":6925,"href":"https:\/\/radiostudiow.com.br\/site\/wp-json\/wp\/v2\/posts\/6924\/revisions\/6925"}],"wp:featuredmedia":[{"embeddable":true,"href":"https:\/\/radiostudiow.com.br\/site\/wp-json\/wp\/v2\/media\/5841"}],"wp:attachment":[{"href":"https:\/\/radiostudiow.com.br\/site\/wp-json\/wp\/v2\/media?parent=6924"}],"wp:term":[{"taxonomy":"category","embeddable":true,"href":"https:\/\/radiostudiow.com.br\/site\/wp-json\/wp\/v2\/categories?post=6924"},{"taxonomy":"post_tag","embeddable":true,"href":"https:\/\/radiostudiow.com.br\/site\/wp-json\/wp\/v2\/tags?post=6924"}],"curies":[{"name":"wp","href":"https:\/\/api.w.org\/{rel}","templated":true}]}}