{"id":6930,"date":"2022-04-13T10:15:18","date_gmt":"2022-04-13T13:15:18","guid":{"rendered":"https:\/\/radiostudiow.com.br\/site\/?p=6930"},"modified":"2025-01-31T15:10:12","modified_gmt":"2025-01-31T18:10:12","slug":"discussao-e-ameaca-entre-pai-e-filha-vira-caso-de-policia-em-sao-mateus-do-sul-2","status":"publish","type":"post","link":"https:\/\/radiostudiow.com.br\/site\/2022\/04\/13\/discussao-e-ameaca-entre-pai-e-filha-vira-caso-de-policia-em-sao-mateus-do-sul-2\/","title":{"rendered":"Discuss\u00e3o e amea\u00e7a entre pai e filha vira caso de Pol\u00edcia em S\u00e3o Mateus do Sul"},"content":{"rendered":"\n<figure class=\"wp-block-image size-full\"><img decoding=\"async\" src=\"https:\/\/radiostudiow.com.br\/site\/wp-content\/uploads\/2022\/03\/SICREDI.jpg\" alt=\"\" class=\"wp-image-6409\"\/><\/figure>\n\n\n\n<p>A equipe da Pol\u00edcia Militar de S\u00e3o Mateus do Sul atendeu na segunda-feira (11), uma situa\u00e7\u00e3o de amea\u00e7a do pai contra a pr\u00f3pria filha na localidade da Vila Nova.<\/p>\n\n\n\n<p>Segundo informa\u00e7\u00f5es da resenha policial, a v\u00edtima teria ido at\u00e9 a resid\u00eancia do pai pois ele teria deixado a filha de 7 anos sozinha em casa sem a supervis\u00e3o de um adulto. No local a mulher constatou que a crian\u00e7a estava sozinha e no momento em que estava a levando para casa encontrou o pai pelo caminho e eles come\u00e7aram a discutir. Segundo o relato, o homem a amea\u00e7ou de morte e ele foi contido por um homem que passava pelo local no momento da discuss\u00e3o.<\/p>\n\n\n\n<p>Ainda assim, o homem seguiu at\u00e9 a resid\u00eancia da v\u00edtima lhe proferindo amea\u00e7as de morte novamente. Com o desejo de representa\u00e7\u00e3o contra o pai, os envolvidos foram encaminhados at\u00e9 a delegacia para provid\u00eancias cab\u00edveis.<\/p>\n\n\n\n<figure class=\"wp-block-image size-full\"><img decoding=\"async\" src=\"https:\/\/radiostudiow.com.br\/site\/wp-content\/uploads\/2022\/03\/SEPAC.jpg\" alt=\"\" class=\"wp-image-6528\"\/><\/figure>\n","protected":false},"excerpt":{"rendered":"<p>A equipe da Pol\u00edcia Militar de S\u00e3o Mateus do Sul atendeu na segunda-feira (11), uma situa\u00e7\u00e3o de amea\u00e7a do pai contra a pr\u00f3pria filha na localidade da Vila Nova. Segundo informa\u00e7\u00f5es da resenha policial, a v\u00edtima teria ido at\u00e9 a resid\u00eancia do pai pois ele teria deixado a filha de 7 anos sozinha em casa [&hellip;]<\/p>\n","protected":false},"author":2,"featured_media":0,"comment_status":"open","ping_status":"open","sticky":false,"template":"","format":"standard","meta":{"footnotes":""},"categories":[2],"tags":[172],"class_list":["post-6930","post","type-post","status-publish","format-standard","hentry","category-policial","tag-featured"],"amp_enabled":true,"_links":{"self":[{"href":"https:\/\/radiostudiow.com.br\/site\/wp-json\/wp\/v2\/posts\/6930","targetHints":{"allow":["GET"]}}],"collection":[{"href":"https:\/\/radiostudiow.com.br\/site\/wp-json\/wp\/v2\/posts"}],"about":[{"href":"https:\/\/radiostudiow.com.br\/site\/wp-json\/wp\/v2\/types\/post"}],"author":[{"embeddable":true,"href":"https:\/\/radiostudiow.com.br\/site\/wp-json\/wp\/v2\/users\/2"}],"replies":[{"embeddable":true,"href":"https:\/\/radiostudiow.com.br\/site\/wp-json\/wp\/v2\/comments?post=6930"}],"version-history":[{"count":1,"href":"https:\/\/radiostudiow.com.br\/site\/wp-json\/wp\/v2\/posts\/6930\/revisions"}],"predecessor-version":[{"id":6931,"href":"https:\/\/radiostudiow.com.br\/site\/wp-json\/wp\/v2\/posts\/6930\/revisions\/6931"}],"wp:attachment":[{"href":"https:\/\/radiostudiow.com.br\/site\/wp-json\/wp\/v2\/media?parent=6930"}],"wp:term":[{"taxonomy":"category","embeddable":true,"href":"https:\/\/radiostudiow.com.br\/site\/wp-json\/wp\/v2\/categories?post=6930"},{"taxonomy":"post_tag","embeddable":true,"href":"https:\/\/radiostudiow.com.br\/site\/wp-json\/wp\/v2\/tags?post=6930"}],"curies":[{"name":"wp","href":"https:\/\/api.w.org\/{rel}","templated":true}]}}