{"id":6938,"date":"2022-04-14T10:17:30","date_gmt":"2022-04-14T13:17:30","guid":{"rendered":"https:\/\/radiostudiow.com.br\/site\/?p=6938"},"modified":"2025-01-31T15:10:11","modified_gmt":"2025-01-31T18:10:11","slug":"jovem-desaparecido-no-rio-palmital-em-cruz-machado-e-encontrado","status":"publish","type":"post","link":"https:\/\/radiostudiow.com.br\/site\/2022\/04\/14\/jovem-desaparecido-no-rio-palmital-em-cruz-machado-e-encontrado\/","title":{"rendered":"Jovem desaparecido no Rio Palmital em Cruz Machado \u00e9 encontrado"},"content":{"rendered":"\n<figure class=\"wp-block-image size-full\"><img decoding=\"async\" src=\"https:\/\/radiostudiow.com.br\/site\/wp-content\/uploads\/2022\/03\/240387432_2992083691066122_4820772207429196742_n.jpg\" alt=\"\" class=\"wp-image-6405\"\/><\/figure>\n\n\n\n<p>Foi encontrado nessa quarta-feira, 13 de abril, h\u00e1 cerca de 300 metros do local do desaparecimento, no Rio Palmital em Cruz Machado, o corpo do jovem de 20 anos identificado como Jo\u00e3o Alois Costa.<\/p>\n\n\n\n<p>Jo\u00e3o foi visto pela \u00faltima vez no s\u00e1bado, 9 de abril, teria tentado atravessar o rio e seus pertences foram encontrados \u00e0s margens do mesmo.<\/p>\n\n\n\n<p>A equipe do Corpo de Bombeiros de Uni\u00e3o da Vit\u00f3ria junto de uma equipe do Grupo de Opera\u00e7\u00f5es de Socorro T\u00e1tico (GOST) de Curitiba realizaram as buscas.<\/p>\n\n\n\n<p>O corpo, encontrado por volta das 16:00 horas, foi retirado e encaminhado ao Instituto M\u00e9dico Legal (IML).<\/p>\n\n\n\n<figure class=\"wp-block-image size-full\"><img decoding=\"async\" src=\"https:\/\/radiostudiow.com.br\/site\/wp-content\/uploads\/2022\/03\/NUTRI-MALLET.jpg\" alt=\"\" class=\"wp-image-6400\"\/><\/figure>\n","protected":false},"excerpt":{"rendered":"<p>Foi encontrado nessa quarta-feira, 13 de abril, h\u00e1 cerca de 300 metros do local do desaparecimento, no Rio Palmital em Cruz Machado, o corpo do jovem de 20 anos identificado como Jo\u00e3o Alois Costa. Jo\u00e3o foi visto pela \u00faltima vez no s\u00e1bado, 9 de abril, teria tentado atravessar o rio e seus pertences foram encontrados [&hellip;]<\/p>\n","protected":false},"author":2,"featured_media":0,"comment_status":"open","ping_status":"open","sticky":false,"template":"","format":"standard","meta":{"footnotes":""},"categories":[2],"tags":[172],"class_list":["post-6938","post","type-post","status-publish","format-standard","hentry","category-policial","tag-featured"],"amp_enabled":true,"_links":{"self":[{"href":"https:\/\/radiostudiow.com.br\/site\/wp-json\/wp\/v2\/posts\/6938","targetHints":{"allow":["GET"]}}],"collection":[{"href":"https:\/\/radiostudiow.com.br\/site\/wp-json\/wp\/v2\/posts"}],"about":[{"href":"https:\/\/radiostudiow.com.br\/site\/wp-json\/wp\/v2\/types\/post"}],"author":[{"embeddable":true,"href":"https:\/\/radiostudiow.com.br\/site\/wp-json\/wp\/v2\/users\/2"}],"replies":[{"embeddable":true,"href":"https:\/\/radiostudiow.com.br\/site\/wp-json\/wp\/v2\/comments?post=6938"}],"version-history":[{"count":1,"href":"https:\/\/radiostudiow.com.br\/site\/wp-json\/wp\/v2\/posts\/6938\/revisions"}],"predecessor-version":[{"id":6940,"href":"https:\/\/radiostudiow.com.br\/site\/wp-json\/wp\/v2\/posts\/6938\/revisions\/6940"}],"wp:attachment":[{"href":"https:\/\/radiostudiow.com.br\/site\/wp-json\/wp\/v2\/media?parent=6938"}],"wp:term":[{"taxonomy":"category","embeddable":true,"href":"https:\/\/radiostudiow.com.br\/site\/wp-json\/wp\/v2\/categories?post=6938"},{"taxonomy":"post_tag","embeddable":true,"href":"https:\/\/radiostudiow.com.br\/site\/wp-json\/wp\/v2\/tags?post=6938"}],"curies":[{"name":"wp","href":"https:\/\/api.w.org\/{rel}","templated":true}]}}