{"id":6958,"date":"2022-04-14T17:57:29","date_gmt":"2022-04-14T20:57:29","guid":{"rendered":"https:\/\/radiostudiow.com.br\/site\/?p=6958"},"modified":"2025-01-31T15:10:11","modified_gmt":"2025-01-31T18:10:11","slug":"dois-homens-sao-presos-suspeitos-do-latrocinio-na-colonia-macacos-em-paula-freitas","status":"publish","type":"post","link":"https:\/\/radiostudiow.com.br\/site\/2022\/04\/14\/dois-homens-sao-presos-suspeitos-do-latrocinio-na-colonia-macacos-em-paula-freitas\/","title":{"rendered":"Dois homens s\u00e3o presos suspeitos do latroc\u00ednio na Col\u00f4nia Macacos em Paula Freitas"},"content":{"rendered":"\n<figure class=\"wp-block-image size-full\"><img decoding=\"async\" src=\"https:\/\/radiostudiow.com.br\/site\/wp-content\/uploads\/2022\/02\/HF-MALLET-1.jpg\" alt=\"\" class=\"wp-image-5726\"\/><\/figure>\n\n\n\n<p>A Pol\u00edcia Militar do 27\u00ba Batalh\u00e3o de Uni\u00e3o da Vit\u00f3ria confirmou que ao menos dois homens foram presos, apontados como respons\u00e1veis pelo crime de latroc\u00ednio que foi registrado na Col\u00f4nia Macacos no interior de Paula Freitas.<\/p>\n\n\n\n<p>O crime mobilizou equipes policiais no fim de tarde dessa quarta-feira, dia 13 de abril, aonde em princ\u00edpio, exista a informa\u00e7\u00e3o de uma situa\u00e7\u00e3o de furto de carro e desaparecimento, o qual no local, foi constatado que era um latroc\u00ednio que se trata de roubo seguido de morte.<\/p>\n\n\n\n<p>Na situa\u00e7\u00e3o, de acordo com a Pol\u00edcia diversas armas foram levadas e outras foram localizadas escondidas. A Pol\u00edcia do 27\u00ba Batalh\u00e3o divulgou uma foto com dezenas de armas apreendidas.<\/p>\n\n\n\n<p>A informa\u00e7\u00e3o sobre a pris\u00e3o de dois homens ocorreu nesta manh\u00e3 de quinta-feira, dia 14, no entanto, a Pol\u00edcia n\u00e3o divulgou a identifica\u00e7\u00e3o dos suspeitos e nem detalhes de como ocorreu o crime e sobre a investiga\u00e7\u00e3o que culminou nas pris\u00f5es.<\/p>\n\n\n\n<figure class=\"wp-block-image size-full\"><img decoding=\"async\" src=\"https:\/\/radiostudiow.com.br\/site\/wp-content\/uploads\/2022\/03\/SICREDI.jpg\" alt=\"\" class=\"wp-image-6409\"\/><\/figure>\n","protected":false},"excerpt":{"rendered":"<p>A Pol\u00edcia Militar do 27\u00ba Batalh\u00e3o de Uni\u00e3o da Vit\u00f3ria confirmou que ao menos dois homens foram presos, apontados como respons\u00e1veis pelo crime de latroc\u00ednio que foi registrado na Col\u00f4nia Macacos no interior de Paula Freitas. O crime mobilizou equipes policiais no fim de tarde dessa quarta-feira, dia 13 de abril, aonde em princ\u00edpio, exista [&hellip;]<\/p>\n","protected":false},"author":2,"featured_media":0,"comment_status":"open","ping_status":"open","sticky":false,"template":"","format":"standard","meta":{"footnotes":""},"categories":[2],"tags":[172],"class_list":["post-6958","post","type-post","status-publish","format-standard","hentry","category-policial","tag-featured"],"amp_enabled":true,"_links":{"self":[{"href":"https:\/\/radiostudiow.com.br\/site\/wp-json\/wp\/v2\/posts\/6958","targetHints":{"allow":["GET"]}}],"collection":[{"href":"https:\/\/radiostudiow.com.br\/site\/wp-json\/wp\/v2\/posts"}],"about":[{"href":"https:\/\/radiostudiow.com.br\/site\/wp-json\/wp\/v2\/types\/post"}],"author":[{"embeddable":true,"href":"https:\/\/radiostudiow.com.br\/site\/wp-json\/wp\/v2\/users\/2"}],"replies":[{"embeddable":true,"href":"https:\/\/radiostudiow.com.br\/site\/wp-json\/wp\/v2\/comments?post=6958"}],"version-history":[{"count":1,"href":"https:\/\/radiostudiow.com.br\/site\/wp-json\/wp\/v2\/posts\/6958\/revisions"}],"predecessor-version":[{"id":6960,"href":"https:\/\/radiostudiow.com.br\/site\/wp-json\/wp\/v2\/posts\/6958\/revisions\/6960"}],"wp:attachment":[{"href":"https:\/\/radiostudiow.com.br\/site\/wp-json\/wp\/v2\/media?parent=6958"}],"wp:term":[{"taxonomy":"category","embeddable":true,"href":"https:\/\/radiostudiow.com.br\/site\/wp-json\/wp\/v2\/categories?post=6958"},{"taxonomy":"post_tag","embeddable":true,"href":"https:\/\/radiostudiow.com.br\/site\/wp-json\/wp\/v2\/tags?post=6958"}],"curies":[{"name":"wp","href":"https:\/\/api.w.org\/{rel}","templated":true}]}}