{"id":6962,"date":"2022-04-16T12:08:14","date_gmt":"2022-04-16T15:08:14","guid":{"rendered":"https:\/\/radiostudiow.com.br\/site\/?p=6962"},"modified":"2025-01-31T15:10:11","modified_gmt":"2025-01-31T18:10:11","slug":"jovem-que-estava-desaparecido-e-localizado-pelo-conselho-tutelar-em-sao-mateus-do-sul","status":"publish","type":"post","link":"https:\/\/radiostudiow.com.br\/site\/2022\/04\/16\/jovem-que-estava-desaparecido-e-localizado-pelo-conselho-tutelar-em-sao-mateus-do-sul\/","title":{"rendered":"Jovem que estava desaparecido \u00e9 localizado pelo Conselho Tutelar em S\u00e3o Mateus do Sul"},"content":{"rendered":"\n<figure class=\"wp-block-image size-full\"><img decoding=\"async\" src=\"https:\/\/radiostudiow.com.br\/site\/wp-content\/uploads\/2022\/03\/vem_ai.jpg\" alt=\"\" class=\"wp-image-6364\"\/><\/figure>\n\n\n\n<p>Isac Cardoso Martins, de 17 anos,&nbsp;<a href=\"https:\/\/portalrdx.com.br\/15\/04\/2022\/jovem-de-17-anos-esta-desaparecido-em-sao-mateus-do-sul\/\">que estava desaparecido desde quinta-feira (14)<\/a>, foi localizado pelo Conselho Tutelar, na tarde desta sexta-feira (15).<\/p>\n\n\n\n<p>A reportagem da&nbsp;<strong>RDX FM<\/strong>&nbsp;teve acesso a um \u00e1udio divulgado pelo rapaz, informando que ja est\u00e1 em casa.<\/p>\n\n\n\n<p>A Pol\u00edcia Militar e Pol\u00edcia Civil tamb\u00e9m ajudaram na ocorr\u00eancia.<\/p>\n\n\n\n<figure class=\"wp-block-image size-full\"><img decoding=\"async\" src=\"https:\/\/radiostudiow.com.br\/site\/wp-content\/uploads\/2022\/04\/d2c4854c-0e70-41de-8f66-de939e7bd96d-1.jpg\" alt=\"\" class=\"wp-image-6965\"\/><\/figure>\n\n\n\n<figure class=\"wp-block-image size-full\"><img decoding=\"async\" src=\"https:\/\/radiostudiow.com.br\/site\/wp-content\/uploads\/2022\/03\/SICREDI.jpg\" alt=\"\" class=\"wp-image-6409\"\/><\/figure>\n\n\n\n<p><em>Fonte: <a href=\"https:\/\/portalrdx.com.br\/\" data-type=\"URL\" data-id=\"https:\/\/portalrdx.com.br\/\">Portal RDX<\/a><\/em><a rel=\"noreferrer noopener\" href=\"https:\/\/portalrdx.com.br\/#facebook\" target=\"_blank\"><\/a><\/p>\n","protected":false},"excerpt":{"rendered":"<p>Isac Cardoso Martins, de 17 anos,&nbsp;que estava desaparecido desde quinta-feira (14), foi localizado pelo Conselho Tutelar, na tarde desta sexta-feira (15). A reportagem da&nbsp;RDX FM&nbsp;teve acesso a um \u00e1udio divulgado pelo rapaz, informando que ja est\u00e1 em casa. A Pol\u00edcia Militar e Pol\u00edcia Civil tamb\u00e9m ajudaram na ocorr\u00eancia. Fonte: Portal RDX<\/p>\n","protected":false},"author":2,"featured_media":6780,"comment_status":"open","ping_status":"open","sticky":false,"template":"","format":"standard","meta":{"footnotes":""},"categories":[2],"tags":[172],"class_list":["post-6962","post","type-post","status-publish","format-standard","has-post-thumbnail","hentry","category-policial","tag-featured"],"amp_enabled":true,"_links":{"self":[{"href":"https:\/\/radiostudiow.com.br\/site\/wp-json\/wp\/v2\/posts\/6962","targetHints":{"allow":["GET"]}}],"collection":[{"href":"https:\/\/radiostudiow.com.br\/site\/wp-json\/wp\/v2\/posts"}],"about":[{"href":"https:\/\/radiostudiow.com.br\/site\/wp-json\/wp\/v2\/types\/post"}],"author":[{"embeddable":true,"href":"https:\/\/radiostudiow.com.br\/site\/wp-json\/wp\/v2\/users\/2"}],"replies":[{"embeddable":true,"href":"https:\/\/radiostudiow.com.br\/site\/wp-json\/wp\/v2\/comments?post=6962"}],"version-history":[{"count":2,"href":"https:\/\/radiostudiow.com.br\/site\/wp-json\/wp\/v2\/posts\/6962\/revisions"}],"predecessor-version":[{"id":6966,"href":"https:\/\/radiostudiow.com.br\/site\/wp-json\/wp\/v2\/posts\/6962\/revisions\/6966"}],"wp:featuredmedia":[{"embeddable":true,"href":"https:\/\/radiostudiow.com.br\/site\/wp-json\/wp\/v2\/media\/6780"}],"wp:attachment":[{"href":"https:\/\/radiostudiow.com.br\/site\/wp-json\/wp\/v2\/media?parent=6962"}],"wp:term":[{"taxonomy":"category","embeddable":true,"href":"https:\/\/radiostudiow.com.br\/site\/wp-json\/wp\/v2\/categories?post=6962"},{"taxonomy":"post_tag","embeddable":true,"href":"https:\/\/radiostudiow.com.br\/site\/wp-json\/wp\/v2\/tags?post=6962"}],"curies":[{"name":"wp","href":"https:\/\/api.w.org\/{rel}","templated":true}]}}