{"id":6972,"date":"2022-04-18T09:30:22","date_gmt":"2022-04-18T12:30:22","guid":{"rendered":"https:\/\/radiostudiow.com.br\/site\/?p=6972"},"modified":"2025-01-31T15:10:11","modified_gmt":"2025-01-31T18:10:11","slug":"homem-mata-ex-mulher-e-a-propria-filha-e-depois-comete-suicidio-em-general-carneiro","status":"publish","type":"post","link":"https:\/\/radiostudiow.com.br\/site\/2022\/04\/18\/homem-mata-ex-mulher-e-a-propria-filha-e-depois-comete-suicidio-em-general-carneiro\/","title":{"rendered":"Homem mata ex-mulher e a pr\u00f3pria filha e depois comete suic\u00eddio em General Carneiro"},"content":{"rendered":"\n<figure class=\"wp-block-image size-full\"><img decoding=\"async\" src=\"https:\/\/radiostudiow.com.br\/site\/wp-content\/uploads\/2022\/03\/240387432_2992083691066122_4820772207429196742_n.jpg\" alt=\"\" class=\"wp-image-6405\"\/><\/figure>\n\n\n\n<p>Um homem que n\u00e3o teve o nome e idade divulgados at\u00e9 o momento matou a ex-mulher e a pr\u00f3pria filha \u00e0 tiros e depois ainda cometeu suic\u00eddio. Os corpos foram encontrados na manh\u00e3 desta segunda-feira (18).<\/p>\n\n\n\n<p>De acordo com informa\u00e7\u00f5es apuradas sobre a situa\u00e7\u00e3o, a trag\u00e9dia teria ocorrido por volta das 05h30 no terminal rodovi\u00e1rio da cidade de Palmas, que faz divisa com General Carneiro.<\/p>\n\n\n\n<p>Ainda conforme informa\u00e7\u00f5es, a mulher estava retornando de uma viagem e a filha lhe esperava na rodovi\u00e1ria. O homem chegou ao local e atirou contra as duas, sendo que logo na sequ\u00eancia, tirou a pr\u00f3pria vida com o mesmo rev\u00f3lver.<\/p>\n\n\n\n<p>As equipes policias de Palmas foram mobilizadas e o local foi isolado at\u00e9 a chegada do Instituto M\u00e9dico Legal \u2013 IML para recolher os corpos.<\/p>\n\n\n\n<figure class=\"wp-block-image size-full\"><img decoding=\"async\" src=\"https:\/\/radiostudiow.com.br\/site\/wp-content\/uploads\/2022\/03\/NUTRI-MALLET.jpg\" alt=\"\" class=\"wp-image-6400\"\/><\/figure>\n","protected":false},"excerpt":{"rendered":"<p>Um homem que n\u00e3o teve o nome e idade divulgados at\u00e9 o momento matou a ex-mulher e a pr\u00f3pria filha \u00e0 tiros e depois ainda cometeu suic\u00eddio. Os corpos foram encontrados na manh\u00e3 desta segunda-feira (18). De acordo com informa\u00e7\u00f5es apuradas sobre a situa\u00e7\u00e3o, a trag\u00e9dia teria ocorrido por volta das 05h30 no terminal rodovi\u00e1rio [&hellip;]<\/p>\n","protected":false},"author":2,"featured_media":5672,"comment_status":"open","ping_status":"open","sticky":false,"template":"","format":"standard","meta":{"footnotes":""},"categories":[2],"tags":[172],"class_list":["post-6972","post","type-post","status-publish","format-standard","has-post-thumbnail","hentry","category-policial","tag-featured"],"amp_enabled":true,"_links":{"self":[{"href":"https:\/\/radiostudiow.com.br\/site\/wp-json\/wp\/v2\/posts\/6972","targetHints":{"allow":["GET"]}}],"collection":[{"href":"https:\/\/radiostudiow.com.br\/site\/wp-json\/wp\/v2\/posts"}],"about":[{"href":"https:\/\/radiostudiow.com.br\/site\/wp-json\/wp\/v2\/types\/post"}],"author":[{"embeddable":true,"href":"https:\/\/radiostudiow.com.br\/site\/wp-json\/wp\/v2\/users\/2"}],"replies":[{"embeddable":true,"href":"https:\/\/radiostudiow.com.br\/site\/wp-json\/wp\/v2\/comments?post=6972"}],"version-history":[{"count":1,"href":"https:\/\/radiostudiow.com.br\/site\/wp-json\/wp\/v2\/posts\/6972\/revisions"}],"predecessor-version":[{"id":6973,"href":"https:\/\/radiostudiow.com.br\/site\/wp-json\/wp\/v2\/posts\/6972\/revisions\/6973"}],"wp:featuredmedia":[{"embeddable":true,"href":"https:\/\/radiostudiow.com.br\/site\/wp-json\/wp\/v2\/media\/5672"}],"wp:attachment":[{"href":"https:\/\/radiostudiow.com.br\/site\/wp-json\/wp\/v2\/media?parent=6972"}],"wp:term":[{"taxonomy":"category","embeddable":true,"href":"https:\/\/radiostudiow.com.br\/site\/wp-json\/wp\/v2\/categories?post=6972"},{"taxonomy":"post_tag","embeddable":true,"href":"https:\/\/radiostudiow.com.br\/site\/wp-json\/wp\/v2\/tags?post=6972"}],"curies":[{"name":"wp","href":"https:\/\/api.w.org\/{rel}","templated":true}]}}