{"id":6974,"date":"2022-04-18T09:38:58","date_gmt":"2022-04-18T12:38:58","guid":{"rendered":"https:\/\/radiostudiow.com.br\/site\/?p=6974"},"modified":"2025-01-31T15:10:11","modified_gmt":"2025-01-31T18:10:11","slug":"grave-acidente-na-rodovia-de-cruz-machado-deixa-um-morto","status":"publish","type":"post","link":"https:\/\/radiostudiow.com.br\/site\/2022\/04\/18\/grave-acidente-na-rodovia-de-cruz-machado-deixa-um-morto\/","title":{"rendered":"Grave acidente na rodovia de Cruz Machado deixa um morto"},"content":{"rendered":"\n<figure class=\"wp-block-image size-full\"><img decoding=\"async\" src=\"https:\/\/radiostudiow.com.br\/site\/wp-content\/uploads\/2022\/03\/SEPAC.jpg\" alt=\"\" class=\"wp-image-6528\"\/><\/figure>\n\n\n\n<p>Um grave acidente foi registrado no fim de tarde deste s\u00e1bado, 16 de abril, pr\u00f3ximo das 17:30 horas na rodovia PR-447, em Cruz Machado.<\/p>\n\n\n\n<p>O acidente envolveu dois carros que colidiram pr\u00f3ximo ao per\u00edmetro urbano da cidade. A forte batida mobilizou a equipe do SAMU. O acidente deixou uma pessoa morta,  se trata de um homem identificado como Pedro Moskalik, que morreu ainda no local da batida. Deixou outra gravemente ferida e duas com ferimentos mais leves.<\/p>\n\n\n\n<p>Na noite deste s\u00e1bado, 16 de abril, morreu a segunda v\u00edtima, qual seria sua esposa, identificada como Eva, a qual morreu ap\u00f3s ser socorrida. Ela seria transferida para um hospital de Uni\u00e3o da Vit\u00f3ria, mas n\u00e3o resistiu e morreu.<\/p>\n\n\n\n<p>A princ\u00edpio, o casal estava retornando do funeral de um parente, quando sofreram o acidente.<\/p>\n\n\n\n<p>O acidente ocorreu pr\u00f3ximo ao per\u00edmetro urbano de Cruz Machado e deixou tamb\u00e9m outras duas pessoas feridas de maneira leve. Com a batida, um dos carros capotou e foi parar na mata.<\/p>\n\n\n\n<figure class=\"wp-block-image size-full\"><img decoding=\"async\" src=\"https:\/\/radiostudiow.com.br\/site\/wp-content\/uploads\/2022\/03\/vem_ai.jpg\" alt=\"\" class=\"wp-image-6364\"\/><\/figure>\n\n\n\n<figure class=\"wp-block-image size-full\"><img decoding=\"async\" src=\"https:\/\/radiostudiow.com.br\/site\/wp-content\/uploads\/2022\/04\/278624210_5115520678506056_6678087543109068451_n.jpg\" alt=\"\" class=\"wp-image-6975\"\/><\/figure>\n","protected":false},"excerpt":{"rendered":"<p>Um grave acidente foi registrado no fim de tarde deste s\u00e1bado, 16 de abril, pr\u00f3ximo das 17:30 horas na rodovia PR-447, em Cruz Machado. O acidente envolveu dois carros que colidiram pr\u00f3ximo ao per\u00edmetro urbano da cidade. A forte batida mobilizou a equipe do SAMU. O acidente deixou uma pessoa morta, se trata de um [&hellip;]<\/p>\n","protected":false},"author":2,"featured_media":0,"comment_status":"open","ping_status":"open","sticky":false,"template":"","format":"standard","meta":{"footnotes":""},"categories":[2],"tags":[172],"class_list":["post-6974","post","type-post","status-publish","format-standard","hentry","category-policial","tag-featured"],"amp_enabled":true,"_links":{"self":[{"href":"https:\/\/radiostudiow.com.br\/site\/wp-json\/wp\/v2\/posts\/6974","targetHints":{"allow":["GET"]}}],"collection":[{"href":"https:\/\/radiostudiow.com.br\/site\/wp-json\/wp\/v2\/posts"}],"about":[{"href":"https:\/\/radiostudiow.com.br\/site\/wp-json\/wp\/v2\/types\/post"}],"author":[{"embeddable":true,"href":"https:\/\/radiostudiow.com.br\/site\/wp-json\/wp\/v2\/users\/2"}],"replies":[{"embeddable":true,"href":"https:\/\/radiostudiow.com.br\/site\/wp-json\/wp\/v2\/comments?post=6974"}],"version-history":[{"count":1,"href":"https:\/\/radiostudiow.com.br\/site\/wp-json\/wp\/v2\/posts\/6974\/revisions"}],"predecessor-version":[{"id":6977,"href":"https:\/\/radiostudiow.com.br\/site\/wp-json\/wp\/v2\/posts\/6974\/revisions\/6977"}],"wp:attachment":[{"href":"https:\/\/radiostudiow.com.br\/site\/wp-json\/wp\/v2\/media?parent=6974"}],"wp:term":[{"taxonomy":"category","embeddable":true,"href":"https:\/\/radiostudiow.com.br\/site\/wp-json\/wp\/v2\/categories?post=6974"},{"taxonomy":"post_tag","embeddable":true,"href":"https:\/\/radiostudiow.com.br\/site\/wp-json\/wp\/v2\/tags?post=6974"}],"curies":[{"name":"wp","href":"https:\/\/api.w.org\/{rel}","templated":true}]}}