{"id":6981,"date":"2022-04-18T10:25:15","date_gmt":"2022-04-18T13:25:15","guid":{"rendered":"https:\/\/radiostudiow.com.br\/site\/?p=6981"},"modified":"2025-01-31T15:10:11","modified_gmt":"2025-01-31T18:10:11","slug":"jovem-de-21-anos-tenta-cometer-suicidio-durante-a-madrugada-em-uniao-da-vitoria","status":"publish","type":"post","link":"https:\/\/radiostudiow.com.br\/site\/2022\/04\/18\/jovem-de-21-anos-tenta-cometer-suicidio-durante-a-madrugada-em-uniao-da-vitoria\/","title":{"rendered":"Jovem de 21 anos tenta cometer suic\u00eddio durante a madrugada em Uni\u00e3o da Vit\u00f3ria"},"content":{"rendered":"\n<figure class=\"wp-block-image size-full\"><img decoding=\"async\" src=\"https:\/\/radiostudiow.com.br\/site\/wp-content\/uploads\/2022\/02\/NUTRI-MALLET.jpg\" alt=\"\" class=\"wp-image-5769\"\/><\/figure>\n\n\n\n<p>A equipe do Corpo de Bombeiros da cidade de Uni\u00e3o da Vit\u00f3ria esteve mobilizada durante a madrugada desta segunda-feira, 18 de abril, por volta das 01:05 horas no atendimento de mais uma situa\u00e7\u00e3o de tentativa de suic\u00eddio.<\/p>\n\n\n\n<p>De acordo com informa\u00e7\u00f5es divulgadas atrav\u00e9s do sistema dos Bombeiros, a situa\u00e7\u00e3o ocorreu na ponte domic\u00edlios Scaramella que liga a BR-476 e o per\u00edmetro urbano da cidade e envolveu um rapaz.<\/p>\n\n\n\n<p>O rapaz foi identificado pelas iniciais \u201cW. N. D. S.\u201d de 21 anos de idade, o qual saiu ileso na situa\u00e7\u00e3o. N\u00e3o foram divulgados detalhes sobre o que motivou a a\u00e7\u00e3o, sendo o mesmo encaminhado para procedimentos cab\u00edveis.<\/p>\n\n\n\n<figure class=\"wp-block-image size-full\"><img decoding=\"async\" src=\"https:\/\/radiostudiow.com.br\/site\/wp-content\/uploads\/2022\/03\/WRNET.jpg\" alt=\"\" class=\"wp-image-6277\"\/><\/figure>\n","protected":false},"excerpt":{"rendered":"<p>A equipe do Corpo de Bombeiros da cidade de Uni\u00e3o da Vit\u00f3ria esteve mobilizada durante a madrugada desta segunda-feira, 18 de abril, por volta das 01:05 horas no atendimento de mais uma situa\u00e7\u00e3o de tentativa de suic\u00eddio. De acordo com informa\u00e7\u00f5es divulgadas atrav\u00e9s do sistema dos Bombeiros, a situa\u00e7\u00e3o ocorreu na ponte domic\u00edlios Scaramella que [&hellip;]<\/p>\n","protected":false},"author":2,"featured_media":0,"comment_status":"open","ping_status":"open","sticky":false,"template":"","format":"standard","meta":{"footnotes":""},"categories":[2],"tags":[172],"class_list":["post-6981","post","type-post","status-publish","format-standard","hentry","category-policial","tag-featured"],"amp_enabled":true,"_links":{"self":[{"href":"https:\/\/radiostudiow.com.br\/site\/wp-json\/wp\/v2\/posts\/6981","targetHints":{"allow":["GET"]}}],"collection":[{"href":"https:\/\/radiostudiow.com.br\/site\/wp-json\/wp\/v2\/posts"}],"about":[{"href":"https:\/\/radiostudiow.com.br\/site\/wp-json\/wp\/v2\/types\/post"}],"author":[{"embeddable":true,"href":"https:\/\/radiostudiow.com.br\/site\/wp-json\/wp\/v2\/users\/2"}],"replies":[{"embeddable":true,"href":"https:\/\/radiostudiow.com.br\/site\/wp-json\/wp\/v2\/comments?post=6981"}],"version-history":[{"count":1,"href":"https:\/\/radiostudiow.com.br\/site\/wp-json\/wp\/v2\/posts\/6981\/revisions"}],"predecessor-version":[{"id":6982,"href":"https:\/\/radiostudiow.com.br\/site\/wp-json\/wp\/v2\/posts\/6981\/revisions\/6982"}],"wp:attachment":[{"href":"https:\/\/radiostudiow.com.br\/site\/wp-json\/wp\/v2\/media?parent=6981"}],"wp:term":[{"taxonomy":"category","embeddable":true,"href":"https:\/\/radiostudiow.com.br\/site\/wp-json\/wp\/v2\/categories?post=6981"},{"taxonomy":"post_tag","embeddable":true,"href":"https:\/\/radiostudiow.com.br\/site\/wp-json\/wp\/v2\/tags?post=6981"}],"curies":[{"name":"wp","href":"https:\/\/api.w.org\/{rel}","templated":true}]}}