{"id":6997,"date":"2022-04-19T11:03:55","date_gmt":"2022-04-19T14:03:55","guid":{"rendered":"https:\/\/radiostudiow.com.br\/site\/?p=6997"},"modified":"2025-01-31T15:10:11","modified_gmt":"2025-01-31T18:10:11","slug":"adolescente-de-14-anos-de-bituruna-morre-no-hospital-regional","status":"publish","type":"post","link":"https:\/\/radiostudiow.com.br\/site\/2022\/04\/19\/adolescente-de-14-anos-de-bituruna-morre-no-hospital-regional\/","title":{"rendered":"Adolescente de 14 anos de Bituruna morre no hospital Regional"},"content":{"rendered":"\n<figure class=\"wp-block-image size-full\"><img decoding=\"async\" src=\"https:\/\/radiostudiow.com.br\/site\/wp-content\/uploads\/2022\/03\/vem_ai.jpg\" alt=\"\" class=\"wp-image-6364\"\/><\/figure>\n\n\n\n<p>Morreu nessa segunda-feira, 18 de abril, o adolescente Pedro Augusto de Castro, de 14 anos de idade. Ele \u00e9 uma das v\u00edtimas do acidente envolvendo um caminh\u00e3o desgovernado que caiu em uma ponte na cidade de Bituruna.<\/p>\n\n\n\n<p>O adolescente que \u00e9 natural de Bituruna, foi socorrido no dia do acidente, ocorrido na quinta-feira, 14, e encaminhado ao hospital S\u00e3o Vicente de Paula, sendo transferido no dia seguinte para o hospital Regional de Uni\u00e3o da Vit\u00f3ria.<\/p>\n\n\n\n<p>Devido aos ferimentos, ele n\u00e3o resistiu e teve morte cerebral confirmada nesta segunda-feira (18). A morte do menino gerou como\u00e7\u00e3o nas redes sociais, com amigos lamentando a sua partida precoce.<\/p>\n\n\n\n<figure class=\"wp-block-image size-full\"><img decoding=\"async\" src=\"https:\/\/radiostudiow.com.br\/site\/wp-content\/uploads\/2022\/03\/SICREDI.jpg\" alt=\"\" class=\"wp-image-6409\"\/><\/figure>\n","protected":false},"excerpt":{"rendered":"<p>Morreu nessa segunda-feira, 18 de abril, o adolescente Pedro Augusto de Castro, de 14 anos de idade. Ele \u00e9 uma das v\u00edtimas do acidente envolvendo um caminh\u00e3o desgovernado que caiu em uma ponte na cidade de Bituruna. O adolescente que \u00e9 natural de Bituruna, foi socorrido no dia do acidente, ocorrido na quinta-feira, 14, e [&hellip;]<\/p>\n","protected":false},"author":2,"featured_media":6998,"comment_status":"open","ping_status":"open","sticky":false,"template":"","format":"standard","meta":{"footnotes":""},"categories":[2],"tags":[172],"class_list":["post-6997","post","type-post","status-publish","format-standard","has-post-thumbnail","hentry","category-policial","tag-featured"],"amp_enabled":true,"_links":{"self":[{"href":"https:\/\/radiostudiow.com.br\/site\/wp-json\/wp\/v2\/posts\/6997","targetHints":{"allow":["GET"]}}],"collection":[{"href":"https:\/\/radiostudiow.com.br\/site\/wp-json\/wp\/v2\/posts"}],"about":[{"href":"https:\/\/radiostudiow.com.br\/site\/wp-json\/wp\/v2\/types\/post"}],"author":[{"embeddable":true,"href":"https:\/\/radiostudiow.com.br\/site\/wp-json\/wp\/v2\/users\/2"}],"replies":[{"embeddable":true,"href":"https:\/\/radiostudiow.com.br\/site\/wp-json\/wp\/v2\/comments?post=6997"}],"version-history":[{"count":1,"href":"https:\/\/radiostudiow.com.br\/site\/wp-json\/wp\/v2\/posts\/6997\/revisions"}],"predecessor-version":[{"id":6999,"href":"https:\/\/radiostudiow.com.br\/site\/wp-json\/wp\/v2\/posts\/6997\/revisions\/6999"}],"wp:featuredmedia":[{"embeddable":true,"href":"https:\/\/radiostudiow.com.br\/site\/wp-json\/wp\/v2\/media\/6998"}],"wp:attachment":[{"href":"https:\/\/radiostudiow.com.br\/site\/wp-json\/wp\/v2\/media?parent=6997"}],"wp:term":[{"taxonomy":"category","embeddable":true,"href":"https:\/\/radiostudiow.com.br\/site\/wp-json\/wp\/v2\/categories?post=6997"},{"taxonomy":"post_tag","embeddable":true,"href":"https:\/\/radiostudiow.com.br\/site\/wp-json\/wp\/v2\/tags?post=6997"}],"curies":[{"name":"wp","href":"https:\/\/api.w.org\/{rel}","templated":true}]}}