{"id":7000,"date":"2022-04-19T11:09:27","date_gmt":"2022-04-19T14:09:27","guid":{"rendered":"https:\/\/radiostudiow.com.br\/site\/?p=7000"},"modified":"2025-01-31T15:10:11","modified_gmt":"2025-01-31T18:10:11","slug":"homem-de-53-anos-cometeu-suicidio-em-uniao-da-vitoria","status":"publish","type":"post","link":"https:\/\/radiostudiow.com.br\/site\/2022\/04\/19\/homem-de-53-anos-cometeu-suicidio-em-uniao-da-vitoria\/","title":{"rendered":"Homem de 53 anos cometeu suic\u00eddio em Uni\u00e3o da Vit\u00f3ria"},"content":{"rendered":"\n<figure class=\"wp-block-image size-full is-resized\"><img loading=\"lazy\" decoding=\"async\" src=\"https:\/\/radiostudiow.com.br\/site\/wp-content\/uploads\/2022\/02\/AFUBRE-IRATI.jpg\" alt=\"\" class=\"wp-image-6019\" width=\"601\" height=\"206\"\/><\/figure>\n\n\n\n<p>Um homem de 53 anos de idade, identificado pelas iniciais \u201cL. W. I.\u201d cometeu suic\u00eddio durante essa segunda-feira, 18 de abril, na cidade de Uni\u00e3o da Vit\u00f3ria. A situa\u00e7\u00e3o teria ocorrido a princ\u00edpio, no bairro Cristo Rei.<\/p>\n\n\n\n<p>De acordo com informa\u00e7\u00f5es, a v\u00edtima tirou a pr\u00f3pria vida por enforcamento e morreu ainda no local dos fatos. O corpo foi encaminhado ao Instituto M\u00e9dico Legal \u2013 IML de Uni\u00e3o da Vit\u00f3ria.<\/p>\n\n\n\n<p>Ainda conforme informa\u00e7\u00f5es, o homem est\u00e1 sendo velado em Uni\u00e3o da Vit\u00f3ria desde o in\u00edcio desta manh\u00e3 de ter\u00e7a-feira, dia 19, e o sepultamento est\u00e1 previsto para ocorrer no final da tarde no cemit\u00e9rio municipal.<\/p>\n\n\n\n<figure class=\"wp-block-image size-full\"><img decoding=\"async\" src=\"https:\/\/radiostudiow.com.br\/site\/wp-content\/uploads\/2022\/03\/vem_ai.jpg\" alt=\"\" class=\"wp-image-6364\"\/><\/figure>\n","protected":false},"excerpt":{"rendered":"<p>Um homem de 53 anos de idade, identificado pelas iniciais \u201cL. W. I.\u201d cometeu suic\u00eddio durante essa segunda-feira, 18 de abril, na cidade de Uni\u00e3o da Vit\u00f3ria. A situa\u00e7\u00e3o teria ocorrido a princ\u00edpio, no bairro Cristo Rei. De acordo com informa\u00e7\u00f5es, a v\u00edtima tirou a pr\u00f3pria vida por enforcamento e morreu ainda no local dos [&hellip;]<\/p>\n","protected":false},"author":2,"featured_media":0,"comment_status":"open","ping_status":"open","sticky":false,"template":"","format":"standard","meta":{"footnotes":""},"categories":[2],"tags":[172],"class_list":["post-7000","post","type-post","status-publish","format-standard","hentry","category-policial","tag-featured"],"amp_enabled":true,"_links":{"self":[{"href":"https:\/\/radiostudiow.com.br\/site\/wp-json\/wp\/v2\/posts\/7000","targetHints":{"allow":["GET"]}}],"collection":[{"href":"https:\/\/radiostudiow.com.br\/site\/wp-json\/wp\/v2\/posts"}],"about":[{"href":"https:\/\/radiostudiow.com.br\/site\/wp-json\/wp\/v2\/types\/post"}],"author":[{"embeddable":true,"href":"https:\/\/radiostudiow.com.br\/site\/wp-json\/wp\/v2\/users\/2"}],"replies":[{"embeddable":true,"href":"https:\/\/radiostudiow.com.br\/site\/wp-json\/wp\/v2\/comments?post=7000"}],"version-history":[{"count":1,"href":"https:\/\/radiostudiow.com.br\/site\/wp-json\/wp\/v2\/posts\/7000\/revisions"}],"predecessor-version":[{"id":7001,"href":"https:\/\/radiostudiow.com.br\/site\/wp-json\/wp\/v2\/posts\/7000\/revisions\/7001"}],"wp:attachment":[{"href":"https:\/\/radiostudiow.com.br\/site\/wp-json\/wp\/v2\/media?parent=7000"}],"wp:term":[{"taxonomy":"category","embeddable":true,"href":"https:\/\/radiostudiow.com.br\/site\/wp-json\/wp\/v2\/categories?post=7000"},{"taxonomy":"post_tag","embeddable":true,"href":"https:\/\/radiostudiow.com.br\/site\/wp-json\/wp\/v2\/tags?post=7000"}],"curies":[{"name":"wp","href":"https:\/\/api.w.org\/{rel}","templated":true}]}}