{"id":7003,"date":"2022-04-19T17:48:03","date_gmt":"2022-04-19T20:48:03","guid":{"rendered":"https:\/\/radiostudiow.com.br\/site\/?p=7003"},"modified":"2025-01-31T15:10:11","modified_gmt":"2025-01-31T18:10:11","slug":"pm-de-mallet-detem-homem-suspeito-de-dirigir-embriagado","status":"publish","type":"post","link":"https:\/\/radiostudiow.com.br\/site\/2022\/04\/19\/pm-de-mallet-detem-homem-suspeito-de-dirigir-embriagado\/","title":{"rendered":"PM de Mallet det\u00e9m homem suspeito de dirigir embriagado"},"content":{"rendered":"\n<figure class=\"wp-block-image size-full\"><img decoding=\"async\" src=\"https:\/\/radiostudiow.com.br\/site\/wp-content\/uploads\/2022\/03\/NUTRI-MALLET.jpg\" alt=\"\" class=\"wp-image-6400\"\/><\/figure>\n\n\n\n<p>A equipe da Pol\u00edcia Militar de Mallet estava em patrulhamento quando avistou o ve\u00edculo marca Fiat em atitude suspeita por volta das 15:20 horas dessa segunda \u2013 feira (18).<\/p>\n\n\n\n<p>O ve\u00edculo estava realizando zig-zag na Rua 15 de Novembro, \u00e1rea central da cidade.<\/p>\n\n\n\n<p>Realizada abordagem, identificado o condutor, o qual foi indagado sobre a ingest\u00e3o de \u00e1lcool, que respondeu que bebeu um pouco.<\/p>\n\n\n\n<p>Em ato cont\u00ednuo foi convidado a realizar o teste do etil\u00f4metro, o qual aferiu 0,26 mg\/l, sendo confeccionado a notifica\u00e7\u00e3o pertinente e o ve\u00edculo liberado para um condutor habilitado.<\/p>\n\n\n\n<figure class=\"wp-block-image size-full\"><img decoding=\"async\" src=\"https:\/\/radiostudiow.com.br\/site\/wp-content\/uploads\/2022\/03\/240387432_2992083691066122_4820772207429196742_n.jpg\" alt=\"\" class=\"wp-image-6405\"\/><\/figure>\n","protected":false},"excerpt":{"rendered":"<p>A equipe da Pol\u00edcia Militar de Mallet estava em patrulhamento quando avistou o ve\u00edculo marca Fiat em atitude suspeita por volta das 15:20 horas dessa segunda \u2013 feira (18). O ve\u00edculo estava realizando zig-zag na Rua 15 de Novembro, \u00e1rea central da cidade. Realizada abordagem, identificado o condutor, o qual foi indagado sobre a ingest\u00e3o [&hellip;]<\/p>\n","protected":false},"author":2,"featured_media":6898,"comment_status":"open","ping_status":"open","sticky":false,"template":"","format":"standard","meta":{"footnotes":""},"categories":[2],"tags":[172],"class_list":["post-7003","post","type-post","status-publish","format-standard","has-post-thumbnail","hentry","category-policial","tag-featured"],"amp_enabled":true,"_links":{"self":[{"href":"https:\/\/radiostudiow.com.br\/site\/wp-json\/wp\/v2\/posts\/7003","targetHints":{"allow":["GET"]}}],"collection":[{"href":"https:\/\/radiostudiow.com.br\/site\/wp-json\/wp\/v2\/posts"}],"about":[{"href":"https:\/\/radiostudiow.com.br\/site\/wp-json\/wp\/v2\/types\/post"}],"author":[{"embeddable":true,"href":"https:\/\/radiostudiow.com.br\/site\/wp-json\/wp\/v2\/users\/2"}],"replies":[{"embeddable":true,"href":"https:\/\/radiostudiow.com.br\/site\/wp-json\/wp\/v2\/comments?post=7003"}],"version-history":[{"count":1,"href":"https:\/\/radiostudiow.com.br\/site\/wp-json\/wp\/v2\/posts\/7003\/revisions"}],"predecessor-version":[{"id":7004,"href":"https:\/\/radiostudiow.com.br\/site\/wp-json\/wp\/v2\/posts\/7003\/revisions\/7004"}],"wp:featuredmedia":[{"embeddable":true,"href":"https:\/\/radiostudiow.com.br\/site\/wp-json\/wp\/v2\/media\/6898"}],"wp:attachment":[{"href":"https:\/\/radiostudiow.com.br\/site\/wp-json\/wp\/v2\/media?parent=7003"}],"wp:term":[{"taxonomy":"category","embeddable":true,"href":"https:\/\/radiostudiow.com.br\/site\/wp-json\/wp\/v2\/categories?post=7003"},{"taxonomy":"post_tag","embeddable":true,"href":"https:\/\/radiostudiow.com.br\/site\/wp-json\/wp\/v2\/tags?post=7003"}],"curies":[{"name":"wp","href":"https:\/\/api.w.org\/{rel}","templated":true}]}}