{"id":7079,"date":"2022-04-22T10:19:33","date_gmt":"2022-04-22T13:19:33","guid":{"rendered":"https:\/\/radiostudiow.com.br\/site\/?p=7079"},"modified":"2025-01-31T15:10:10","modified_gmt":"2025-01-31T18:10:10","slug":"pm-de-paulo-frontin-prende-homem-por-embriaguez-ao-volante","status":"publish","type":"post","link":"https:\/\/radiostudiow.com.br\/site\/2022\/04\/22\/pm-de-paulo-frontin-prende-homem-por-embriaguez-ao-volante\/","title":{"rendered":"PM de Paulo Frontin prende homem por embriaguez ao volante"},"content":{"rendered":"\n<figure class=\"wp-block-image size-full\"><img decoding=\"async\" src=\"https:\/\/radiostudiow.com.br\/site\/wp-content\/uploads\/2022\/02\/HF-MALLET-1.jpg\" alt=\"\" class=\"wp-image-5726\"\/><\/figure>\n\n\n\n<p>A equipe da Pol\u00edcia Militar de Paulo Frontin atendeu uma ocorr\u00eancia de rixa por volta das 02:00 horas da madrugada &nbsp;desta quinta \u2013 feira, 21 de abril, na \u00e1rea central do munic\u00edpio.<\/p>\n\n\n\n<p>De acordo com informa\u00e7\u00f5es da solicita\u00e7\u00e3o, alguns indiv\u00edduos envolvidos estariam se deslocando em um ve\u00edculo, o qual a equipe realizou abordagem e constatou que o condutor estava embriagado.<\/p>\n\n\n\n<p>Sendo a equipe hostilizada pelos demais passageiros que foram detidos e encaminhados a 4\u00aa SDP.<\/p>\n\n\n\n<figure class=\"wp-block-image size-full\"><img decoding=\"async\" src=\"https:\/\/radiostudiow.com.br\/site\/wp-content\/uploads\/2022\/02\/AFUBRE-IRATI.jpg\" alt=\"\" class=\"wp-image-6019\"\/><\/figure>\n","protected":false},"excerpt":{"rendered":"<p>A equipe da Pol\u00edcia Militar de Paulo Frontin atendeu uma ocorr\u00eancia de rixa por volta das 02:00 horas da madrugada &nbsp;desta quinta \u2013 feira, 21 de abril, na \u00e1rea central do munic\u00edpio. De acordo com informa\u00e7\u00f5es da solicita\u00e7\u00e3o, alguns indiv\u00edduos envolvidos estariam se deslocando em um ve\u00edculo, o qual a equipe realizou abordagem e constatou [&hellip;]<\/p>\n","protected":false},"author":2,"featured_media":6560,"comment_status":"open","ping_status":"open","sticky":false,"template":"","format":"standard","meta":{"footnotes":""},"categories":[2],"tags":[172],"class_list":["post-7079","post","type-post","status-publish","format-standard","has-post-thumbnail","hentry","category-policial","tag-featured"],"amp_enabled":true,"_links":{"self":[{"href":"https:\/\/radiostudiow.com.br\/site\/wp-json\/wp\/v2\/posts\/7079","targetHints":{"allow":["GET"]}}],"collection":[{"href":"https:\/\/radiostudiow.com.br\/site\/wp-json\/wp\/v2\/posts"}],"about":[{"href":"https:\/\/radiostudiow.com.br\/site\/wp-json\/wp\/v2\/types\/post"}],"author":[{"embeddable":true,"href":"https:\/\/radiostudiow.com.br\/site\/wp-json\/wp\/v2\/users\/2"}],"replies":[{"embeddable":true,"href":"https:\/\/radiostudiow.com.br\/site\/wp-json\/wp\/v2\/comments?post=7079"}],"version-history":[{"count":1,"href":"https:\/\/radiostudiow.com.br\/site\/wp-json\/wp\/v2\/posts\/7079\/revisions"}],"predecessor-version":[{"id":7080,"href":"https:\/\/radiostudiow.com.br\/site\/wp-json\/wp\/v2\/posts\/7079\/revisions\/7080"}],"wp:featuredmedia":[{"embeddable":true,"href":"https:\/\/radiostudiow.com.br\/site\/wp-json\/wp\/v2\/media\/6560"}],"wp:attachment":[{"href":"https:\/\/radiostudiow.com.br\/site\/wp-json\/wp\/v2\/media?parent=7079"}],"wp:term":[{"taxonomy":"category","embeddable":true,"href":"https:\/\/radiostudiow.com.br\/site\/wp-json\/wp\/v2\/categories?post=7079"},{"taxonomy":"post_tag","embeddable":true,"href":"https:\/\/radiostudiow.com.br\/site\/wp-json\/wp\/v2\/tags?post=7079"}],"curies":[{"name":"wp","href":"https:\/\/api.w.org\/{rel}","templated":true}]}}