{"id":7089,"date":"2022-04-22T15:40:09","date_gmt":"2022-04-22T18:40:09","guid":{"rendered":"https:\/\/radiostudiow.com.br\/site\/?p=7089"},"modified":"2025-01-31T15:10:10","modified_gmt":"2025-01-31T18:10:10","slug":"irmaos-morrem-em-grave-acidente-na-pr-170-em-bituruna","status":"publish","type":"post","link":"https:\/\/radiostudiow.com.br\/site\/2022\/04\/22\/irmaos-morrem-em-grave-acidente-na-pr-170-em-bituruna\/","title":{"rendered":"Irm\u00e3os morrem em grave acidente na PR-170 em Bituruna"},"content":{"rendered":"\n<figure class=\"wp-block-image size-full\"><img decoding=\"async\" src=\"https:\/\/radiostudiow.com.br\/site\/wp-content\/uploads\/2022\/02\/HF-MALLET-1.jpg\" alt=\"\" class=\"wp-image-5726\"\/><\/figure>\n\n\n\n<p>Duas pessoas morreram em um grave acidente, envolvendo uma motocicleta e caminh\u00e3o, na noite desta quinta-feira, 21 de abril, na PR-170, na regi\u00e3o do Jacutinga, em Bituruna.<\/p>\n\n\n\n<p>Josenir Veloso de Freitas de 17 anos, e Jonacir Veloso de Freitas, 19 anos, estavam em uma moto, quando em uma curva, o piloto perdeu o controle da dire\u00e7\u00e3o, invadiu a pista contr\u00e1ria e colidiu frontalmente contra o ve\u00edculo.<\/p>\n\n\n\n<p>O SAMU chegou a ser acionado, por\u00e9m os ocupantes da motocicleta j\u00e1 haviam entrado em \u00f3bito.<\/p>\n\n\n\n<p>A Pol\u00edcia Rodovi\u00e1ria Estadual (PRE) e o Instituto M\u00e9dico Legal (IML) foram acionados para atender a ocorr\u00eancia, e fazer o recolhimento dos corpos.<\/p>\n\n\n\n<figure class=\"wp-block-image size-full\"><img decoding=\"async\" src=\"https:\/\/radiostudiow.com.br\/site\/wp-content\/uploads\/2022\/04\/25909c4a399034dfafc0be85706e5d2b-1.jpg\" alt=\"\" class=\"wp-image-7091\"\/><figcaption><em>Josenir tinha 17 anos. Foto: Reprodu\u00e7\u00e3o<\/em><\/figcaption><\/figure>\n\n\n\n<figure class=\"wp-block-image size-full\"><img decoding=\"async\" src=\"https:\/\/radiostudiow.com.br\/site\/wp-content\/uploads\/2022\/03\/SEPAC.jpg\" alt=\"\" class=\"wp-image-6528\"\/><\/figure>\n\n\n\n<figure class=\"wp-block-image size-full\"><img decoding=\"async\" src=\"https:\/\/radiostudiow.com.br\/site\/wp-content\/uploads\/2022\/04\/25909c4a399034dfafc0be85706e5d2b-2.jpg\" alt=\"\" class=\"wp-image-7092\"\/><figcaption><em>Jonacir tinha 19 anos. Foto: Reprodu\u00e7\u00e3o<\/em><\/figcaption><\/figure>\n","protected":false},"excerpt":{"rendered":"<p>Duas pessoas morreram em um grave acidente, envolvendo uma motocicleta e caminh\u00e3o, na noite desta quinta-feira, 21 de abril, na PR-170, na regi\u00e3o do Jacutinga, em Bituruna. Josenir Veloso de Freitas de 17 anos, e Jonacir Veloso de Freitas, 19 anos, estavam em uma moto, quando em uma curva, o piloto perdeu o controle da [&hellip;]<\/p>\n","protected":false},"author":2,"featured_media":0,"comment_status":"open","ping_status":"open","sticky":false,"template":"","format":"standard","meta":{"footnotes":""},"categories":[2],"tags":[172],"class_list":["post-7089","post","type-post","status-publish","format-standard","hentry","category-policial","tag-featured"],"amp_enabled":true,"_links":{"self":[{"href":"https:\/\/radiostudiow.com.br\/site\/wp-json\/wp\/v2\/posts\/7089","targetHints":{"allow":["GET"]}}],"collection":[{"href":"https:\/\/radiostudiow.com.br\/site\/wp-json\/wp\/v2\/posts"}],"about":[{"href":"https:\/\/radiostudiow.com.br\/site\/wp-json\/wp\/v2\/types\/post"}],"author":[{"embeddable":true,"href":"https:\/\/radiostudiow.com.br\/site\/wp-json\/wp\/v2\/users\/2"}],"replies":[{"embeddable":true,"href":"https:\/\/radiostudiow.com.br\/site\/wp-json\/wp\/v2\/comments?post=7089"}],"version-history":[{"count":1,"href":"https:\/\/radiostudiow.com.br\/site\/wp-json\/wp\/v2\/posts\/7089\/revisions"}],"predecessor-version":[{"id":7093,"href":"https:\/\/radiostudiow.com.br\/site\/wp-json\/wp\/v2\/posts\/7089\/revisions\/7093"}],"wp:attachment":[{"href":"https:\/\/radiostudiow.com.br\/site\/wp-json\/wp\/v2\/media?parent=7089"}],"wp:term":[{"taxonomy":"category","embeddable":true,"href":"https:\/\/radiostudiow.com.br\/site\/wp-json\/wp\/v2\/categories?post=7089"},{"taxonomy":"post_tag","embeddable":true,"href":"https:\/\/radiostudiow.com.br\/site\/wp-json\/wp\/v2\/tags?post=7089"}],"curies":[{"name":"wp","href":"https:\/\/api.w.org\/{rel}","templated":true}]}}