{"id":7096,"date":"2022-04-22T16:48:14","date_gmt":"2022-04-22T19:48:14","guid":{"rendered":"https:\/\/radiostudiow.com.br\/site\/?p=7096"},"modified":"2025-01-31T15:10:10","modified_gmt":"2025-01-31T18:10:10","slug":"motorista-e-preso-embriagado-dirigindo-o-carro-com-o-som-alto-na-madrugada-em-mallet","status":"publish","type":"post","link":"https:\/\/radiostudiow.com.br\/site\/2022\/04\/22\/motorista-e-preso-embriagado-dirigindo-o-carro-com-o-som-alto-na-madrugada-em-mallet\/","title":{"rendered":"MOTORISTA EMBRIAGADO \u00c9 PRESO DIRIGINDO O CARRO COM O SOM ALTO NA MADRUGADA EM MALLET"},"content":{"rendered":"\n<figure class=\"wp-block-image size-full\"><img decoding=\"async\" src=\"https:\/\/radiostudiow.com.br\/site\/wp-content\/uploads\/2022\/03\/NUTRI-MALLET.jpg\" alt=\"\" class=\"wp-image-6400\"\/><\/figure>\n\n\n\n<p>A equipe da Policia Militar de Mallet estava no Pelot\u00e3o Cabo Abr\u00e3o Kanclarovicz, quando visualizou um ve\u00edculo Volkswagen\/Saveiro de cor prata transitando com o som excessivamente alto.<\/p>\n\n\n\n<p>O fato ocorreu por volta das 02:00 horas da madrugada dessa sexta-feira 22 de abril na \u00e1rea central do munic\u00edpio. Os policiais realizaram a abordagem, ordenado que os ocupantes descessem do autom\u00f3vel. Em busca pessoal nada de il\u00edcito foi encontrado com os ocupantes.<\/p>\n\n\n\n<p>Porem de acordo com o Boletim de Ocorr\u00eancia, foi verificado que ambos os abordados apresentavam sintomas de embriaguez, convidado o condutor a realizar o teste de etil\u00f4metro (baf\u00f4metro), e apos aferido deu o resultado de 1,07mg\/l, sendo assim foi dado voz de pris\u00e3o ao condutor e conduzido para 4\u00aa SDP (Sub Divis\u00e3o Policial) da cidade de Uni\u00e3o da Vit\u00f3ria.<\/p>\n\n\n\n<figure class=\"wp-block-image size-full\"><img decoding=\"async\" src=\"https:\/\/radiostudiow.com.br\/site\/wp-content\/uploads\/2022\/03\/240387432_2992083691066122_4820772207429196742_n.jpg\" alt=\"\" class=\"wp-image-6405\"\/><\/figure>\n","protected":false},"excerpt":{"rendered":"<p>A equipe da Policia Militar de Mallet estava no Pelot\u00e3o Cabo Abr\u00e3o Kanclarovicz, quando visualizou um ve\u00edculo Volkswagen\/Saveiro de cor prata transitando com o som excessivamente alto. O fato ocorreu por volta das 02:00 horas da madrugada dessa sexta-feira 22 de abril na \u00e1rea central do munic\u00edpio. Os policiais realizaram a abordagem, ordenado que os [&hellip;]<\/p>\n","protected":false},"author":2,"featured_media":7097,"comment_status":"open","ping_status":"open","sticky":false,"template":"","format":"standard","meta":{"footnotes":""},"categories":[2],"tags":[172],"class_list":["post-7096","post","type-post","status-publish","format-standard","has-post-thumbnail","hentry","category-policial","tag-featured"],"amp_enabled":true,"_links":{"self":[{"href":"https:\/\/radiostudiow.com.br\/site\/wp-json\/wp\/v2\/posts\/7096","targetHints":{"allow":["GET"]}}],"collection":[{"href":"https:\/\/radiostudiow.com.br\/site\/wp-json\/wp\/v2\/posts"}],"about":[{"href":"https:\/\/radiostudiow.com.br\/site\/wp-json\/wp\/v2\/types\/post"}],"author":[{"embeddable":true,"href":"https:\/\/radiostudiow.com.br\/site\/wp-json\/wp\/v2\/users\/2"}],"replies":[{"embeddable":true,"href":"https:\/\/radiostudiow.com.br\/site\/wp-json\/wp\/v2\/comments?post=7096"}],"version-history":[{"count":2,"href":"https:\/\/radiostudiow.com.br\/site\/wp-json\/wp\/v2\/posts\/7096\/revisions"}],"predecessor-version":[{"id":7101,"href":"https:\/\/radiostudiow.com.br\/site\/wp-json\/wp\/v2\/posts\/7096\/revisions\/7101"}],"wp:featuredmedia":[{"embeddable":true,"href":"https:\/\/radiostudiow.com.br\/site\/wp-json\/wp\/v2\/media\/7097"}],"wp:attachment":[{"href":"https:\/\/radiostudiow.com.br\/site\/wp-json\/wp\/v2\/media?parent=7096"}],"wp:term":[{"taxonomy":"category","embeddable":true,"href":"https:\/\/radiostudiow.com.br\/site\/wp-json\/wp\/v2\/categories?post=7096"},{"taxonomy":"post_tag","embeddable":true,"href":"https:\/\/radiostudiow.com.br\/site\/wp-json\/wp\/v2\/tags?post=7096"}],"curies":[{"name":"wp","href":"https:\/\/api.w.org\/{rel}","templated":true}]}}