{"id":7129,"date":"2022-04-25T11:16:59","date_gmt":"2022-04-25T14:16:59","guid":{"rendered":"https:\/\/radiostudiow.com.br\/site\/?p=7129"},"modified":"2025-01-31T15:10:10","modified_gmt":"2025-01-31T18:10:10","slug":"quarto-fica-destruido-apos-incendio-em-sao-mateus-do-sul","status":"publish","type":"post","link":"https:\/\/radiostudiow.com.br\/site\/2022\/04\/25\/quarto-fica-destruido-apos-incendio-em-sao-mateus-do-sul\/","title":{"rendered":"Quarto fica destru\u00eddo ap\u00f3s inc\u00eandio em S\u00e3o Mateus do Sul"},"content":{"rendered":"\n<figure class=\"wp-block-image size-full\"><img decoding=\"async\" src=\"https:\/\/radiostudiow.com.br\/site\/wp-content\/uploads\/2022\/03\/SEPAC.jpg\" alt=\"\" class=\"wp-image-6528\"\/><\/figure>\n\n\n\n<p>O Corpo de Bombeiros de S\u00e3o Mateus do Sul prestou atendimento a um inc\u00eandio de resid\u00eancia na manh\u00e3 deste s\u00e1bado, 23 de abril, na Rua Tenente Max Wolff Filho, \u00e1rea central da cidade.<\/p>\n\n\n\n<p>No local, o quarto da resid\u00eancia ficou destru\u00eddo ap\u00f3s um problema com o secador de cabelo. Dois caminh\u00f5es dos Bombeiros estiveram presentes, al\u00e9m de militares de folga que ajudaram no controle das chamas. O fogo n\u00e3o se espalhou para outros locais da casa.<\/p>\n\n\n\n<p>Vizinhos tamb\u00e9m prestaram apoio a ocorr\u00eancia. Ningu\u00e9m se feriu.<\/p>\n\n\n\n<figure class=\"wp-block-image size-full\"><img decoding=\"async\" src=\"https:\/\/radiostudiow.com.br\/site\/wp-content\/uploads\/2022\/04\/IMG-20220423-WA0041-1024x576-2.jpg\" alt=\"\" class=\"wp-image-7131\"\/><\/figure>\n\n\n\n<figure class=\"wp-block-image size-full\"><img decoding=\"async\" src=\"https:\/\/radiostudiow.com.br\/site\/wp-content\/uploads\/2022\/04\/AFUBRE-IRATI.jpg\" alt=\"\" class=\"wp-image-7116\"\/><\/figure>\n","protected":false},"excerpt":{"rendered":"<p>O Corpo de Bombeiros de S\u00e3o Mateus do Sul prestou atendimento a um inc\u00eandio de resid\u00eancia na manh\u00e3 deste s\u00e1bado, 23 de abril, na Rua Tenente Max Wolff Filho, \u00e1rea central da cidade. No local, o quarto da resid\u00eancia ficou destru\u00eddo ap\u00f3s um problema com o secador de cabelo. Dois caminh\u00f5es dos Bombeiros estiveram presentes, [&hellip;]<\/p>\n","protected":false},"author":2,"featured_media":0,"comment_status":"open","ping_status":"open","sticky":false,"template":"","format":"standard","meta":{"footnotes":""},"categories":[2],"tags":[172],"class_list":["post-7129","post","type-post","status-publish","format-standard","hentry","category-policial","tag-featured"],"amp_enabled":true,"_links":{"self":[{"href":"https:\/\/radiostudiow.com.br\/site\/wp-json\/wp\/v2\/posts\/7129","targetHints":{"allow":["GET"]}}],"collection":[{"href":"https:\/\/radiostudiow.com.br\/site\/wp-json\/wp\/v2\/posts"}],"about":[{"href":"https:\/\/radiostudiow.com.br\/site\/wp-json\/wp\/v2\/types\/post"}],"author":[{"embeddable":true,"href":"https:\/\/radiostudiow.com.br\/site\/wp-json\/wp\/v2\/users\/2"}],"replies":[{"embeddable":true,"href":"https:\/\/radiostudiow.com.br\/site\/wp-json\/wp\/v2\/comments?post=7129"}],"version-history":[{"count":1,"href":"https:\/\/radiostudiow.com.br\/site\/wp-json\/wp\/v2\/posts\/7129\/revisions"}],"predecessor-version":[{"id":7132,"href":"https:\/\/radiostudiow.com.br\/site\/wp-json\/wp\/v2\/posts\/7129\/revisions\/7132"}],"wp:attachment":[{"href":"https:\/\/radiostudiow.com.br\/site\/wp-json\/wp\/v2\/media?parent=7129"}],"wp:term":[{"taxonomy":"category","embeddable":true,"href":"https:\/\/radiostudiow.com.br\/site\/wp-json\/wp\/v2\/categories?post=7129"},{"taxonomy":"post_tag","embeddable":true,"href":"https:\/\/radiostudiow.com.br\/site\/wp-json\/wp\/v2\/tags?post=7129"}],"curies":[{"name":"wp","href":"https:\/\/api.w.org\/{rel}","templated":true}]}}