{"id":7134,"date":"2022-04-25T12:18:15","date_gmt":"2022-04-25T15:18:15","guid":{"rendered":"https:\/\/radiostudiow.com.br\/site\/?p=7134"},"modified":"2025-01-31T15:10:10","modified_gmt":"2025-01-31T18:10:10","slug":"acidente-na-br-153-em-mallet-envolve-dois-caminhoes-proximo-a-entrada-de-vera-cruz","status":"publish","type":"post","link":"https:\/\/radiostudiow.com.br\/site\/2022\/04\/25\/acidente-na-br-153-em-mallet-envolve-dois-caminhoes-proximo-a-entrada-de-vera-cruz\/","title":{"rendered":"ACIDENTE NA BR 153 EM MALLET ENVOLVE DOIS CAMINH\u00d5ES PR\u00d3XIMO A ENTRADA DE VERA CRUZ"},"content":{"rendered":"\n<figure class=\"wp-block-image size-full\"><img decoding=\"async\" src=\"https:\/\/radiostudiow.com.br\/site\/wp-content\/uploads\/2022\/03\/240387432_2992083691066122_4820772207429196742_n.jpg\" alt=\"\" class=\"wp-image-6405\"\/><\/figure>\n\n\n\n<p>No in\u00edcio da manh\u00e3 dessa segunda-feira (25), por volta das 07:00 horas, os Bombeiros Comunit\u00e1rios de Mallet foram acionados para atender a um acidente envolvendo dois caminh\u00f5es na BR 153 no km 382, pr\u00f3ximo a entrada da Col\u00f4nia Vera Cruz no munic\u00edpio de Mallet .<\/p>\n\n\n\n<p>De acordo com informa\u00e7\u00f5es, os dois ve\u00edculos seguiam sentido Rio Azul a Mallet quando o Mercedes Bens Atego 2430 com placas do Mercosul, atingiu a traseira do caminh\u00e3o Volkswagen 6.90, placas Mercosul, vindo a espalhar a carga na rodovia.<\/p>\n\n\n\n<p>A ambul\u00e2ncia de plant\u00e3o da Secretaria de Sa\u00fade de Mallet foi acionada, porem mesmo com a gravidade do acidente ambos os condutores n\u00e3o apresentaram ferimentos, havendo recusa do atendimento de socorro.<\/p>\n\n\n\n<p>Os bombeiros Comunit\u00e1rios realizaram a limpeza da pista, tirando os produtos que estavam na rodovia e em seguida lavando para a retirada dos res\u00edduos.<\/p>\n\n\n\n<p>Segundo testemunhas, na hora do acidente havia uma forte neblina com chuviscos no local.<\/p>\n\n\n\n<figure class=\"wp-block-image size-full\"><img decoding=\"async\" src=\"https:\/\/radiostudiow.com.br\/site\/wp-content\/uploads\/2022\/03\/NUTRI-MALLET.jpg\" alt=\"\" class=\"wp-image-6400\"\/><\/figure>\n\n\n\n<figure class=\"wp-block-gallery has-nested-images columns-default is-cropped wp-block-gallery-1 is-layout-flex wp-block-gallery-is-layout-flex\">\n<figure class=\"wp-block-image size-large\"><img loading=\"lazy\" decoding=\"async\" width=\"769\" height=\"1024\" data-id=\"7136\" src=\"https:\/\/radiostudiow.com.br\/site\/wp-content\/uploads\/2022\/04\/4ce583bf-b28d-4b4a-b576-2c1c75f97421-769x1024.jpg\" alt=\"\" class=\"wp-image-7136\" srcset=\"https:\/\/radiostudiow.com.br\/site\/wp-content\/uploads\/2022\/04\/4ce583bf-b28d-4b4a-b576-2c1c75f97421-769x1024.jpg 769w, https:\/\/radiostudiow.com.br\/site\/wp-content\/uploads\/2022\/04\/4ce583bf-b28d-4b4a-b576-2c1c75f97421-225x300.jpg 225w, https:\/\/radiostudiow.com.br\/site\/wp-content\/uploads\/2022\/04\/4ce583bf-b28d-4b4a-b576-2c1c75f97421-768x1023.jpg 768w, https:\/\/radiostudiow.com.br\/site\/wp-content\/uploads\/2022\/04\/4ce583bf-b28d-4b4a-b576-2c1c75f97421-1153x1536.jpg 1153w, https:\/\/radiostudiow.com.br\/site\/wp-content\/uploads\/2022\/04\/4ce583bf-b28d-4b4a-b576-2c1c75f97421.jpg 1201w\" sizes=\"auto, (max-width: 769px) 100vw, 769px\" \/><\/figure>\n\n\n\n<figure class=\"wp-block-image size-large\"><img loading=\"lazy\" decoding=\"async\" width=\"769\" height=\"1024\" data-id=\"7138\" src=\"https:\/\/radiostudiow.com.br\/site\/wp-content\/uploads\/2022\/04\/a86ef90c-0a31-456d-a4c0-97f5bcf19f3e-769x1024.jpg\" alt=\"\" class=\"wp-image-7138\" srcset=\"https:\/\/radiostudiow.com.br\/site\/wp-content\/uploads\/2022\/04\/a86ef90c-0a31-456d-a4c0-97f5bcf19f3e-769x1024.jpg 769w, https:\/\/radiostudiow.com.br\/site\/wp-content\/uploads\/2022\/04\/a86ef90c-0a31-456d-a4c0-97f5bcf19f3e-225x300.jpg 225w, https:\/\/radiostudiow.com.br\/site\/wp-content\/uploads\/2022\/04\/a86ef90c-0a31-456d-a4c0-97f5bcf19f3e-768x1023.jpg 768w, https:\/\/radiostudiow.com.br\/site\/wp-content\/uploads\/2022\/04\/a86ef90c-0a31-456d-a4c0-97f5bcf19f3e-1153x1536.jpg 1153w, https:\/\/radiostudiow.com.br\/site\/wp-content\/uploads\/2022\/04\/a86ef90c-0a31-456d-a4c0-97f5bcf19f3e.jpg 1201w\" sizes=\"auto, (max-width: 769px) 100vw, 769px\" \/><\/figure>\n\n\n\n<figure class=\"wp-block-image size-large\"><img decoding=\"async\" data-id=\"7137\" src=\"https:\/\/radiostudiow.com.br\/site\/wp-content\/uploads\/2022\/04\/a37c6b93-e59d-429f-809f-707a374a6c7d-769x1024.jpg\" alt=\"\" class=\"wp-image-7137\"\/><\/figure>\n<\/figure>\n\n\n\n<figure class=\"wp-block-gallery has-nested-images columns-default is-cropped wp-block-gallery-2 is-layout-flex wp-block-gallery-is-layout-flex\">\n<figure class=\"wp-block-image size-large\"><img decoding=\"async\" data-id=\"7140\" src=\"https:\/\/radiostudiow.com.br\/site\/wp-content\/uploads\/2022\/04\/e69c2727-5759-480d-a7f7-79df150da498.jpg\" alt=\"\" class=\"wp-image-7140\"\/><\/figure>\n\n\n\n<figure class=\"wp-block-image size-large\"><img loading=\"lazy\" decoding=\"async\" width=\"315\" height=\"267\" data-id=\"7139\" src=\"https:\/\/radiostudiow.com.br\/site\/wp-content\/uploads\/2022\/04\/f85e0890-826c-4b66-a49c-da6c0a793da5.jpg\" alt=\"\" class=\"wp-image-7139\" srcset=\"https:\/\/radiostudiow.com.br\/site\/wp-content\/uploads\/2022\/04\/f85e0890-826c-4b66-a49c-da6c0a793da5.jpg 315w, https:\/\/radiostudiow.com.br\/site\/wp-content\/uploads\/2022\/04\/f85e0890-826c-4b66-a49c-da6c0a793da5-300x254.jpg 300w\" sizes=\"auto, (max-width: 315px) 100vw, 315px\" \/><\/figure>\n<\/figure>\n","protected":false},"excerpt":{"rendered":"<p>No in\u00edcio da manh\u00e3 dessa segunda-feira (25), por volta das 07:00 horas, os Bombeiros Comunit\u00e1rios de Mallet foram acionados para atender a um acidente envolvendo dois caminh\u00f5es na BR 153 no km 382, pr\u00f3ximo a entrada da Col\u00f4nia Vera Cruz no munic\u00edpio de Mallet . De acordo com informa\u00e7\u00f5es, os dois ve\u00edculos seguiam sentido Rio [&hellip;]<\/p>\n","protected":false},"author":2,"featured_media":7135,"comment_status":"open","ping_status":"open","sticky":false,"template":"","format":"standard","meta":{"footnotes":""},"categories":[2],"tags":[172],"class_list":["post-7134","post","type-post","status-publish","format-standard","has-post-thumbnail","hentry","category-policial","tag-featured"],"amp_enabled":true,"_links":{"self":[{"href":"https:\/\/radiostudiow.com.br\/site\/wp-json\/wp\/v2\/posts\/7134","targetHints":{"allow":["GET"]}}],"collection":[{"href":"https:\/\/radiostudiow.com.br\/site\/wp-json\/wp\/v2\/posts"}],"about":[{"href":"https:\/\/radiostudiow.com.br\/site\/wp-json\/wp\/v2\/types\/post"}],"author":[{"embeddable":true,"href":"https:\/\/radiostudiow.com.br\/site\/wp-json\/wp\/v2\/users\/2"}],"replies":[{"embeddable":true,"href":"https:\/\/radiostudiow.com.br\/site\/wp-json\/wp\/v2\/comments?post=7134"}],"version-history":[{"count":1,"href":"https:\/\/radiostudiow.com.br\/site\/wp-json\/wp\/v2\/posts\/7134\/revisions"}],"predecessor-version":[{"id":7141,"href":"https:\/\/radiostudiow.com.br\/site\/wp-json\/wp\/v2\/posts\/7134\/revisions\/7141"}],"wp:featuredmedia":[{"embeddable":true,"href":"https:\/\/radiostudiow.com.br\/site\/wp-json\/wp\/v2\/media\/7135"}],"wp:attachment":[{"href":"https:\/\/radiostudiow.com.br\/site\/wp-json\/wp\/v2\/media?parent=7134"}],"wp:term":[{"taxonomy":"category","embeddable":true,"href":"https:\/\/radiostudiow.com.br\/site\/wp-json\/wp\/v2\/categories?post=7134"},{"taxonomy":"post_tag","embeddable":true,"href":"https:\/\/radiostudiow.com.br\/site\/wp-json\/wp\/v2\/tags?post=7134"}],"curies":[{"name":"wp","href":"https:\/\/api.w.org\/{rel}","templated":true}]}}