{"id":7160,"date":"2022-04-25T22:46:15","date_gmt":"2022-04-26T01:46:15","guid":{"rendered":"https:\/\/radiostudiow.com.br\/site\/?p=7160"},"modified":"2025-01-31T15:10:10","modified_gmt":"2025-01-31T18:10:10","slug":"homem-e-preso-por-porte-ilegal-de-arma-de-fogo-apos-se-envolver-em-acidente-na-br-153-em-mallet-2","status":"publish","type":"post","link":"https:\/\/radiostudiow.com.br\/site\/2022\/04\/25\/homem-e-preso-por-porte-ilegal-de-arma-de-fogo-apos-se-envolver-em-acidente-na-br-153-em-mallet-2\/","title":{"rendered":"HOMEM \u00c9 PRESO POR PORTE ILEGAL DE ARMA DE FOGO AP\u00d3S SE ENVOLVER EM ACIDENTE NA BR 153 EM MALLET"},"content":{"rendered":"\n<p>A Pol\u00edcia Militar de Mallet foi acionada na tarde desta segunda-feira (25), por volta das 16:00 horas, quando atrav\u00e9s do telefone de emerg\u00eancia do Pelot\u00e3o Cabo Abr\u00e3o Kanclarovicz, um masculino relatou que teria ocorrido uma sa\u00edda de pista na BR-153, km 386 e quando tentou ajudar a v\u00edtima, um masculino saiu do carro e apontou uma espingarda na dire\u00e7\u00e3o das pessoas.&nbsp;<\/p>\n\n\n\n<p>Diante da situa\u00e7\u00e3o os policiais se deslocaram at\u00e9 o local e visualizaram um ve\u00edculo GM\/Astra, placas de Pinhais-PR, ca\u00eddo fora da rodovia.<\/p>\n\n\n\n<p>A R\u00e1dio Studio W teve acesso ao Boletim de Ocorr\u00eancia, e segundo o relato havia duas pessoas envolvidas no acidente. Um masculino que j\u00e1 estava fora do carro ao avistar a viatura policial abriu rapidamente a porta e jogou algo do interior do autom\u00f3vel.<\/p>\n\n\n\n<p>A equipe deu voz de abordagem a ambos, nada de il\u00edcito encontrado com eles, somente ambos estavam com sintomas de embriaguez alco\u00f3lica.&nbsp;&nbsp;<\/p>\n\n\n\n<p>Em revista ao Astra, foi localizado um cintur\u00e3o para cartuchos com coldre em couro e ainda tr\u00eas cartuchos de espingarda cal. 32 intactos e mais uma arma branca do tipo espada foi encontrada. Os policiais questionaram onde estava a espingarda e o condutor ficou em sil\u00eancio.&nbsp;<\/p>\n\n\n\n<p>J\u00e1 o passageiro que estava junto, relatou que viu a espingarda dentro do ve\u00edculo por\u00e9m n\u00e3o sabia onde estava.<\/p>\n\n\n\n<figure class=\"wp-block-image size-full\"><img decoding=\"async\" src=\"https:\/\/radiostudiow.com.br\/site\/wp-content\/uploads\/2022\/03\/NUTRI-MALLET.jpg\" alt=\"\" class=\"wp-image-6400\"\/><\/figure>\n\n\n\n<p>Como sempre de imediato, chegaram \u00e0s equipes do Corpo de Bombeiros Comunit\u00e1rios juntamente com a ambul\u00e2ncia de plant\u00e3o da Secretaria de Sa\u00fade, mas n\u00e3o houve necessidade de atendimento porque os masculinos recusaram atendimento m\u00e9dico.<\/p>\n\n\n\n<p>A Pol\u00edcia Militar come\u00e7ou a realizar buscas no matagal pr\u00f3ximo ao ve\u00edculo no intuito de localizar a espingarda, onde foi visualizada a arma jogada pr\u00f3ximo do ve\u00edculo.<\/p>\n\n\n\n<p>Assim foi realizada a apreens\u00e3o da espingarda cal. 32 sem marca e numera\u00e7\u00e3o aparente.<\/p>\n\n\n\n<p>O condutor do carro assumiu ser propriet\u00e1rio da espingarda e relatou n\u00e3o ter o registro nem porte do armamento, sendo ent\u00e3o lidos seus direitos constitucionais e dado voz de pris\u00e3o.<\/p>\n\n\n\n<p>Ainda no local do acidente se fez presente a equipe da PRF (Pol\u00edcia Rodovi\u00e1ria Federal), os quais estavam atendendo outra situa\u00e7\u00e3o, por\u00e9m ficaram respons\u00e1veis pelo ve\u00edculo e outras situa\u00e7\u00f5es pertinentes \u00e0 rodovia federal.<\/p>\n\n\n\n<p>&nbsp;Referente ao crime de embriaguez ao volante foi ofertado na 10\u00aa DRP (Delegacia Regional da Pol\u00edcia Civil) o teste do etil\u00f4metro (baf\u00f4metro), sendo recusado pelo autor, mas j\u00e1 teria relatado que havia ingerido bebida alco\u00f3lica.<\/p>\n\n\n\n<p>Diante da situa\u00e7\u00e3o foi realizado o termo de constata\u00e7\u00e3o de sinais de altera\u00e7\u00e3o da capacidade psicomotora e autuado pelos crimes de posse ilegal de arma de fogo e embriaguez ao volante.<\/p>\n\n\n\n<figure class=\"wp-block-image size-full\"><img decoding=\"async\" src=\"https:\/\/radiostudiow.com.br\/site\/wp-content\/uploads\/2022\/04\/AFUBRE-IRATI.jpg\" alt=\"\" class=\"wp-image-7116\"\/><\/figure>\n","protected":false},"excerpt":{"rendered":"<p>A Pol\u00edcia Militar de Mallet foi acionada na tarde desta segunda-feira (25), por volta das 16:00 horas, quando atrav\u00e9s do telefone de emerg\u00eancia do Pelot\u00e3o Cabo Abr\u00e3o Kanclarovicz, um masculino relatou que teria ocorrido uma sa\u00edda de pista na BR-153, km 386 e quando tentou ajudar a v\u00edtima, um masculino saiu do carro e apontou [&hellip;]<\/p>\n","protected":false},"author":2,"featured_media":0,"comment_status":"open","ping_status":"open","sticky":false,"template":"","format":"standard","meta":{"footnotes":""},"categories":[184,2],"tags":[172],"class_list":["post-7160","post","type-post","status-publish","format-standard","hentry","category-local","category-policial","tag-featured"],"amp_enabled":true,"_links":{"self":[{"href":"https:\/\/radiostudiow.com.br\/site\/wp-json\/wp\/v2\/posts\/7160","targetHints":{"allow":["GET"]}}],"collection":[{"href":"https:\/\/radiostudiow.com.br\/site\/wp-json\/wp\/v2\/posts"}],"about":[{"href":"https:\/\/radiostudiow.com.br\/site\/wp-json\/wp\/v2\/types\/post"}],"author":[{"embeddable":true,"href":"https:\/\/radiostudiow.com.br\/site\/wp-json\/wp\/v2\/users\/2"}],"replies":[{"embeddable":true,"href":"https:\/\/radiostudiow.com.br\/site\/wp-json\/wp\/v2\/comments?post=7160"}],"version-history":[{"count":2,"href":"https:\/\/radiostudiow.com.br\/site\/wp-json\/wp\/v2\/posts\/7160\/revisions"}],"predecessor-version":[{"id":7170,"href":"https:\/\/radiostudiow.com.br\/site\/wp-json\/wp\/v2\/posts\/7160\/revisions\/7170"}],"wp:attachment":[{"href":"https:\/\/radiostudiow.com.br\/site\/wp-json\/wp\/v2\/media?parent=7160"}],"wp:term":[{"taxonomy":"category","embeddable":true,"href":"https:\/\/radiostudiow.com.br\/site\/wp-json\/wp\/v2\/categories?post=7160"},{"taxonomy":"post_tag","embeddable":true,"href":"https:\/\/radiostudiow.com.br\/site\/wp-json\/wp\/v2\/tags?post=7160"}],"curies":[{"name":"wp","href":"https:\/\/api.w.org\/{rel}","templated":true}]}}