{"id":7171,"date":"2022-04-26T11:31:35","date_gmt":"2022-04-26T14:31:35","guid":{"rendered":"https:\/\/radiostudiow.com.br\/site\/?p=7171"},"modified":"2025-01-31T15:10:10","modified_gmt":"2025-01-31T18:10:10","slug":"identificada-vitima-fatal-de-grave-acidente-na-br-476-em-antonio-olinto","status":"publish","type":"post","link":"https:\/\/radiostudiow.com.br\/site\/2022\/04\/26\/identificada-vitima-fatal-de-grave-acidente-na-br-476-em-antonio-olinto\/","title":{"rendered":"Identificada v\u00edtima fatal de grave acidente na BR-476 em Ant\u00f4nio Olinto"},"content":{"rendered":"\n<figure class=\"wp-block-image size-full\"><img decoding=\"async\" src=\"https:\/\/radiostudiow.com.br\/site\/wp-content\/uploads\/2022\/03\/SICREDI.jpg\" alt=\"\" class=\"wp-image-6409\"\/><\/figure>\n\n\n\n<p>Foi identificado como Andr\u00e9 da Rosa Pires, de 39 anos, a v\u00edtima fatal do grave acidente na Rodovia do Xisto na manh\u00e3 desta sexta-feira (22).<\/p>\n\n\n\n<p>Andr\u00e9 era motorista de um caminh\u00e3o carregado com \u00f3leo vegetal que tombou na pista na regi\u00e3o de \u00c1gua Amarela em Ant\u00f4nio Olinto. Com o impacto, ele ficou preso \u00e0s ferragens e a carga de \u00f3leo vegetal se espalhou, sendo acionada equipe dos Bombeiros e Defesa Civil. A Pol\u00edcia Rodovi\u00e1ria Federal tamb\u00e9m prestou controle ao tr\u00e2nsito no momento da batida.<\/p>\n\n\n\n<p>O motorista residia em Passo Fundo, Rio Grande do Sul e deixa duas filhas. O corpo foi encaminhado ao IML de Uni\u00e3o da Vit\u00f3ria.<\/p>\n\n\n\n<figure class=\"wp-block-image size-full\"><img decoding=\"async\" src=\"https:\/\/radiostudiow.com.br\/site\/wp-content\/uploads\/2022\/04\/93abadfd-90b1-412a-a1ba-920a3588d17f-1.jpg\" alt=\"\" class=\"wp-image-7173\"\/><\/figure>\n\n\n\n<figure class=\"wp-block-image size-full\"><img decoding=\"async\" src=\"https:\/\/radiostudiow.com.br\/site\/wp-content\/uploads\/2022\/04\/HF-MALLET.jpg\" alt=\"\" class=\"wp-image-7103\"\/><\/figure>\n","protected":false},"excerpt":{"rendered":"<p>Foi identificado como Andr\u00e9 da Rosa Pires, de 39 anos, a v\u00edtima fatal do grave acidente na Rodovia do Xisto na manh\u00e3 desta sexta-feira (22). Andr\u00e9 era motorista de um caminh\u00e3o carregado com \u00f3leo vegetal que tombou na pista na regi\u00e3o de \u00c1gua Amarela em Ant\u00f4nio Olinto. Com o impacto, ele ficou preso \u00e0s ferragens [&hellip;]<\/p>\n","protected":false},"author":2,"featured_media":0,"comment_status":"open","ping_status":"open","sticky":false,"template":"","format":"standard","meta":{"footnotes":""},"categories":[2],"tags":[172],"class_list":["post-7171","post","type-post","status-publish","format-standard","hentry","category-policial","tag-featured"],"amp_enabled":true,"_links":{"self":[{"href":"https:\/\/radiostudiow.com.br\/site\/wp-json\/wp\/v2\/posts\/7171","targetHints":{"allow":["GET"]}}],"collection":[{"href":"https:\/\/radiostudiow.com.br\/site\/wp-json\/wp\/v2\/posts"}],"about":[{"href":"https:\/\/radiostudiow.com.br\/site\/wp-json\/wp\/v2\/types\/post"}],"author":[{"embeddable":true,"href":"https:\/\/radiostudiow.com.br\/site\/wp-json\/wp\/v2\/users\/2"}],"replies":[{"embeddable":true,"href":"https:\/\/radiostudiow.com.br\/site\/wp-json\/wp\/v2\/comments?post=7171"}],"version-history":[{"count":1,"href":"https:\/\/radiostudiow.com.br\/site\/wp-json\/wp\/v2\/posts\/7171\/revisions"}],"predecessor-version":[{"id":7174,"href":"https:\/\/radiostudiow.com.br\/site\/wp-json\/wp\/v2\/posts\/7171\/revisions\/7174"}],"wp:attachment":[{"href":"https:\/\/radiostudiow.com.br\/site\/wp-json\/wp\/v2\/media?parent=7171"}],"wp:term":[{"taxonomy":"category","embeddable":true,"href":"https:\/\/radiostudiow.com.br\/site\/wp-json\/wp\/v2\/categories?post=7171"},{"taxonomy":"post_tag","embeddable":true,"href":"https:\/\/radiostudiow.com.br\/site\/wp-json\/wp\/v2\/tags?post=7171"}],"curies":[{"name":"wp","href":"https:\/\/api.w.org\/{rel}","templated":true}]}}