{"id":7182,"date":"2022-04-27T11:13:24","date_gmt":"2022-04-27T14:13:24","guid":{"rendered":"https:\/\/radiostudiow.com.br\/site\/?p=7182"},"modified":"2025-01-31T15:10:10","modified_gmt":"2025-01-31T18:10:10","slug":"menina-de-apenas-dois-anos-e-brutalmente-assassinada-em-treze-tilias-padrasto-e-suspeito-do-crime","status":"publish","type":"post","link":"https:\/\/radiostudiow.com.br\/site\/2022\/04\/27\/menina-de-apenas-dois-anos-e-brutalmente-assassinada-em-treze-tilias-padrasto-e-suspeito-do-crime\/","title":{"rendered":"Menina de apenas dois anos \u00e9 brutalmente assassinada em Treze Tilias. Padrasto \u00e9 suspeito do crime"},"content":{"rendered":"\n<figure class=\"wp-block-image size-full\"><img decoding=\"async\" src=\"https:\/\/radiostudiow.com.br\/site\/wp-content\/uploads\/2022\/04\/HF-MALLET.jpg\" alt=\"\" class=\"wp-image-7103\"\/><\/figure>\n\n\n\n<p>Um crime brutal contra uma crian\u00e7a de apenas 02 anos de idade, foi registrado durante essa ter\u00e7a-feira, 26 de abril. O padrasto da crian\u00e7a \u00e9 o principal suspeito de cometer o crime que chocou toda a regi\u00e3o.<\/p>\n\n\n\n<p>De acordo com informa\u00e7\u00f5es, a m\u00e3e havia deixado a filha com o homem e encontrou a crian\u00e7a j\u00e1 sem vida no apartamento em que residiam na cidade de Treze Tilias. Segundo a m\u00e3e da menina, o \u00faltimo contato com o suspeito havia sido \u00e0 tarde e durante a noite, sem obter retornos por parte do homem, familiares foram at\u00e9 o apartamento e arrombaram a porta, encontrando a menina morta na cama.<\/p>\n\n\n\n<p>Conforme a guarni\u00e7\u00e3o dos bombeiros, a crian\u00e7a j\u00e1 estava com o corpo r\u00edgido e sem nenhum sinal vital. As guarni\u00e7\u00f5es da PM de toda a regi\u00e3o iniciaram as buscas pelo suspeito, que s\u00f3 foi localizado na manh\u00e3 desta quarta-feira (27).<\/p>\n\n\n\n<p>O homem que foi identificado como Samuel Terres da Costa, de 30 anos, foi localizado ap\u00f3s ele mesmo fazer contato com a Pol\u00edcia para se entregar. Ap\u00f3s os fatos, o homem teria se escondido em uma \u00e1rea de mata pr\u00f3xima a resid\u00eancia. Ele estava separado da m\u00e3e da crian\u00e7a, no entanto, ainda residiam na mesma moradia.<\/p>\n\n\n\n<p>O padrasto da crian\u00e7a foi encaminhado para a delegacia de Joa\u00e7aba para os procedimentos cab\u00edveis. Um aparato de seguran\u00e7a foi montado na rua, devido a como\u00e7\u00e3o gerada pelo caso.<\/p>\n\n\n\n<figure class=\"wp-block-image size-full\"><img decoding=\"async\" src=\"https:\/\/radiostudiow.com.br\/site\/wp-content\/uploads\/2022\/04\/SEPAC.jpg\" alt=\"\" class=\"wp-image-7113\"\/><\/figure>\n","protected":false},"excerpt":{"rendered":"<p>Um crime brutal contra uma crian\u00e7a de apenas 02 anos de idade, foi registrado durante essa ter\u00e7a-feira, 26 de abril. O padrasto da crian\u00e7a \u00e9 o principal suspeito de cometer o crime que chocou toda a regi\u00e3o. De acordo com informa\u00e7\u00f5es, a m\u00e3e havia deixado a filha com o homem e encontrou a crian\u00e7a j\u00e1 [&hellip;]<\/p>\n","protected":false},"author":2,"featured_media":0,"comment_status":"open","ping_status":"open","sticky":false,"template":"","format":"standard","meta":{"footnotes":""},"categories":[2],"tags":[172],"class_list":["post-7182","post","type-post","status-publish","format-standard","hentry","category-policial","tag-featured"],"amp_enabled":true,"_links":{"self":[{"href":"https:\/\/radiostudiow.com.br\/site\/wp-json\/wp\/v2\/posts\/7182","targetHints":{"allow":["GET"]}}],"collection":[{"href":"https:\/\/radiostudiow.com.br\/site\/wp-json\/wp\/v2\/posts"}],"about":[{"href":"https:\/\/radiostudiow.com.br\/site\/wp-json\/wp\/v2\/types\/post"}],"author":[{"embeddable":true,"href":"https:\/\/radiostudiow.com.br\/site\/wp-json\/wp\/v2\/users\/2"}],"replies":[{"embeddable":true,"href":"https:\/\/radiostudiow.com.br\/site\/wp-json\/wp\/v2\/comments?post=7182"}],"version-history":[{"count":1,"href":"https:\/\/radiostudiow.com.br\/site\/wp-json\/wp\/v2\/posts\/7182\/revisions"}],"predecessor-version":[{"id":7184,"href":"https:\/\/radiostudiow.com.br\/site\/wp-json\/wp\/v2\/posts\/7182\/revisions\/7184"}],"wp:attachment":[{"href":"https:\/\/radiostudiow.com.br\/site\/wp-json\/wp\/v2\/media?parent=7182"}],"wp:term":[{"taxonomy":"category","embeddable":true,"href":"https:\/\/radiostudiow.com.br\/site\/wp-json\/wp\/v2\/categories?post=7182"},{"taxonomy":"post_tag","embeddable":true,"href":"https:\/\/radiostudiow.com.br\/site\/wp-json\/wp\/v2\/tags?post=7182"}],"curies":[{"name":"wp","href":"https:\/\/api.w.org\/{rel}","templated":true}]}}