{"id":7195,"date":"2022-04-28T10:16:14","date_gmt":"2022-04-28T13:16:14","guid":{"rendered":"https:\/\/radiostudiow.com.br\/site\/?p=7195"},"modified":"2025-01-31T15:10:10","modified_gmt":"2025-01-31T18:10:10","slug":"homem-finge-estar-armado-e-assalta-mercado-em-sao-mateus-do-sul","status":"publish","type":"post","link":"https:\/\/radiostudiow.com.br\/site\/2022\/04\/28\/homem-finge-estar-armado-e-assalta-mercado-em-sao-mateus-do-sul\/","title":{"rendered":"Homem finge estar armado e assalta mercado em S\u00e3o Mateus do Sul"},"content":{"rendered":"\n<figure class=\"wp-block-image size-full\"><img decoding=\"async\" src=\"https:\/\/radiostudiow.com.br\/site\/wp-content\/uploads\/2022\/04\/HF-MALLET.jpg\" alt=\"\" class=\"wp-image-7103\"\/><\/figure>\n\n\n\n<p>Um mercado na regi\u00e3o da Vila Amaral foi alvo de assalto na quarta-feira, 27 de abril.<\/p>\n\n\n\n<p>Segundo informa\u00e7\u00f5es da Pol\u00edcia Militar, um homem magro, alto, moreno, de jaqueta de moletom escura e capuz havia adentrado ao estabelecimento e feito men\u00e7\u00e3o de estar armado, desferindo ainda um soco nas costas da operadora do caixa e a amea\u00e7ando a entregar o dinheiro para n\u00e3o morrer. O homem chegou no local com uma bicicleta vermelha.<\/p>\n\n\n\n<p>O homem tamb\u00e9m fez men\u00e7\u00e3o de estar armado segurando com a m\u00e3o na cintura e dizendo para a operadora do caixa passar todo o dinheiro. A equipe realizou buscas pelo indiv\u00edduo, que em princ\u00edpio teria se evadido sentido Vila Amaral pela Rua Jos\u00e9 Caetano Ferreira mas n\u00e3o foi localizado.<\/p>\n\n\n\n<p>Ao chegar no estabelecimento a equipe conversou com a respons\u00e1vel, a qual relatou que foi subtra\u00eddo cerca de R$ 650,00.<\/p>\n\n\n\n<figure class=\"wp-block-image size-full\"><img decoding=\"async\" src=\"https:\/\/radiostudiow.com.br\/site\/wp-content\/uploads\/2022\/03\/240387432_2992083691066122_4820772207429196742_n.jpg\" alt=\"\" class=\"wp-image-6405\"\/><\/figure>\n","protected":false},"excerpt":{"rendered":"<p>Um mercado na regi\u00e3o da Vila Amaral foi alvo de assalto na quarta-feira, 27 de abril. Segundo informa\u00e7\u00f5es da Pol\u00edcia Militar, um homem magro, alto, moreno, de jaqueta de moletom escura e capuz havia adentrado ao estabelecimento e feito men\u00e7\u00e3o de estar armado, desferindo ainda um soco nas costas da operadora do caixa e a [&hellip;]<\/p>\n","protected":false},"author":2,"featured_media":0,"comment_status":"open","ping_status":"open","sticky":false,"template":"","format":"standard","meta":{"footnotes":""},"categories":[2],"tags":[172],"class_list":["post-7195","post","type-post","status-publish","format-standard","hentry","category-policial","tag-featured"],"amp_enabled":true,"_links":{"self":[{"href":"https:\/\/radiostudiow.com.br\/site\/wp-json\/wp\/v2\/posts\/7195","targetHints":{"allow":["GET"]}}],"collection":[{"href":"https:\/\/radiostudiow.com.br\/site\/wp-json\/wp\/v2\/posts"}],"about":[{"href":"https:\/\/radiostudiow.com.br\/site\/wp-json\/wp\/v2\/types\/post"}],"author":[{"embeddable":true,"href":"https:\/\/radiostudiow.com.br\/site\/wp-json\/wp\/v2\/users\/2"}],"replies":[{"embeddable":true,"href":"https:\/\/radiostudiow.com.br\/site\/wp-json\/wp\/v2\/comments?post=7195"}],"version-history":[{"count":1,"href":"https:\/\/radiostudiow.com.br\/site\/wp-json\/wp\/v2\/posts\/7195\/revisions"}],"predecessor-version":[{"id":7197,"href":"https:\/\/radiostudiow.com.br\/site\/wp-json\/wp\/v2\/posts\/7195\/revisions\/7197"}],"wp:attachment":[{"href":"https:\/\/radiostudiow.com.br\/site\/wp-json\/wp\/v2\/media?parent=7195"}],"wp:term":[{"taxonomy":"category","embeddable":true,"href":"https:\/\/radiostudiow.com.br\/site\/wp-json\/wp\/v2\/categories?post=7195"},{"taxonomy":"post_tag","embeddable":true,"href":"https:\/\/radiostudiow.com.br\/site\/wp-json\/wp\/v2\/tags?post=7195"}],"curies":[{"name":"wp","href":"https:\/\/api.w.org\/{rel}","templated":true}]}}