{"id":7198,"date":"2022-04-28T10:49:41","date_gmt":"2022-04-28T13:49:41","guid":{"rendered":"https:\/\/radiostudiow.com.br\/site\/?p=7198"},"modified":"2025-01-31T15:10:10","modified_gmt":"2025-01-31T18:10:10","slug":"trabalhador-morre-apos-ser-atropelado-na-br-476-em-paula-freitas","status":"publish","type":"post","link":"https:\/\/radiostudiow.com.br\/site\/2022\/04\/28\/trabalhador-morre-apos-ser-atropelado-na-br-476-em-paula-freitas\/","title":{"rendered":"Trabalhador morre ap\u00f3s ser atropelado na BR-476 em Paula Freitas"},"content":{"rendered":"\n<figure class=\"wp-block-image size-full\"><img decoding=\"async\" src=\"https:\/\/radiostudiow.com.br\/site\/wp-content\/uploads\/2022\/04\/SEPAC.jpg\" alt=\"\" class=\"wp-image-7113\"\/><\/figure>\n\n\n\n<p>Um homem que trabalhava na empresa Engemass, respons\u00e1vel pela manuten\u00e7\u00e3o da rodovia BR-476, foi v\u00edtima fatal de atropelamento nesta quarta-feira (27).<\/p>\n\n\n\n<p>O acidente aconteceu por volta das 17:30 horas no trecho entre Uni\u00e3o da Vit\u00f3ria e Paula Freitas.<\/p>\n\n\n\n<p>O Corpo de Bombeiros foi acionado para atender a ocorr\u00eancia, mas a v\u00edtima j\u00e1 estava morta.<\/p>\n\n\n\n<p>O trabalhador de 66 anos foi atropelado por um ve\u00edculo Saveiro com placas de Paula Freitas. A v\u00edtima estava cruzando a via para fazer a sinaliza\u00e7\u00e3o do local.<\/p>\n\n\n\n<p>O Instituto M\u00e9dico Legal (IML) de Uni\u00e3o da Vit\u00f3ria foi acionado para recolhimento do corpo. A identifica\u00e7\u00e3o do homem n\u00e3o foi divulgada.<\/p>\n\n\n\n<p><em>Da Reda\u00e7\u00e3o Portal RDX com informa\u00e7\u00f5es Portal da Cidade<\/em><\/p>\n\n\n\n<figure class=\"wp-block-image size-full\"><img decoding=\"async\" src=\"https:\/\/radiostudiow.com.br\/site\/wp-content\/uploads\/2022\/03\/vem_ai.jpg\" alt=\"\" class=\"wp-image-6364\"\/><\/figure>\n","protected":false},"excerpt":{"rendered":"<p>Um homem que trabalhava na empresa Engemass, respons\u00e1vel pela manuten\u00e7\u00e3o da rodovia BR-476, foi v\u00edtima fatal de atropelamento nesta quarta-feira (27). O acidente aconteceu por volta das 17:30 horas no trecho entre Uni\u00e3o da Vit\u00f3ria e Paula Freitas. O Corpo de Bombeiros foi acionado para atender a ocorr\u00eancia, mas a v\u00edtima j\u00e1 estava morta. O [&hellip;]<\/p>\n","protected":false},"author":2,"featured_media":0,"comment_status":"open","ping_status":"open","sticky":false,"template":"","format":"standard","meta":{"footnotes":""},"categories":[2],"tags":[172],"class_list":["post-7198","post","type-post","status-publish","format-standard","hentry","category-policial","tag-featured"],"amp_enabled":true,"_links":{"self":[{"href":"https:\/\/radiostudiow.com.br\/site\/wp-json\/wp\/v2\/posts\/7198","targetHints":{"allow":["GET"]}}],"collection":[{"href":"https:\/\/radiostudiow.com.br\/site\/wp-json\/wp\/v2\/posts"}],"about":[{"href":"https:\/\/radiostudiow.com.br\/site\/wp-json\/wp\/v2\/types\/post"}],"author":[{"embeddable":true,"href":"https:\/\/radiostudiow.com.br\/site\/wp-json\/wp\/v2\/users\/2"}],"replies":[{"embeddable":true,"href":"https:\/\/radiostudiow.com.br\/site\/wp-json\/wp\/v2\/comments?post=7198"}],"version-history":[{"count":2,"href":"https:\/\/radiostudiow.com.br\/site\/wp-json\/wp\/v2\/posts\/7198\/revisions"}],"predecessor-version":[{"id":7201,"href":"https:\/\/radiostudiow.com.br\/site\/wp-json\/wp\/v2\/posts\/7198\/revisions\/7201"}],"wp:attachment":[{"href":"https:\/\/radiostudiow.com.br\/site\/wp-json\/wp\/v2\/media?parent=7198"}],"wp:term":[{"taxonomy":"category","embeddable":true,"href":"https:\/\/radiostudiow.com.br\/site\/wp-json\/wp\/v2\/categories?post=7198"},{"taxonomy":"post_tag","embeddable":true,"href":"https:\/\/radiostudiow.com.br\/site\/wp-json\/wp\/v2\/tags?post=7198"}],"curies":[{"name":"wp","href":"https:\/\/api.w.org\/{rel}","templated":true}]}}