{"id":7206,"date":"2022-04-29T10:46:45","date_gmt":"2022-04-29T13:46:45","guid":{"rendered":"https:\/\/radiostudiow.com.br\/site\/?p=7206"},"modified":"2025-01-31T15:10:10","modified_gmt":"2025-01-31T18:10:10","slug":"cavalo-solto-na-rodovia-morre-apos-acidente-em-sao-mateus-do-sul","status":"publish","type":"post","link":"https:\/\/radiostudiow.com.br\/site\/2022\/04\/29\/cavalo-solto-na-rodovia-morre-apos-acidente-em-sao-mateus-do-sul\/","title":{"rendered":"Cavalo solto na rodovia morre ap\u00f3s acidente em S\u00e3o Mateus do Sul"},"content":{"rendered":"\n<figure class=\"wp-block-image size-full\"><img decoding=\"async\" src=\"https:\/\/radiostudiow.com.br\/site\/wp-content\/uploads\/2022\/02\/vem_ai-1.jpg\" alt=\"\" class=\"wp-image-5732\"\/><\/figure>\n\n\n\n<p>Um cavalo que estava solto na rodovia morreu ap\u00f3s uma colis\u00e3o no in\u00edcio da noite desta quinta-feira, 28 de abril, na BR-476, km 266, pr\u00f3ximo a regi\u00e3o do Santana em S\u00e3o Mateus do Sul.<\/p>\n\n\n\n<p>Viaturas e caminh\u00e3o do Corpo de Bombeiros se deslocaram at\u00e9 o local e constataram que o animal j\u00e1 estava sem vida. No ve\u00edculo estavam tr\u00eas pessoas moradoras de Ant\u00f4nio Olinto e ningu\u00e9m se feriu.<\/p>\n\n\n\n<p>As circunst\u00e2ncias do acidente ser\u00e3o apuradas pela Pol\u00edcia Rodovi\u00e1ria Federal (PRF), que tamb\u00e9m compareceu no local. O dono do cavalo n\u00e3o compareceu no local.<\/p>\n\n\n\n<figure class=\"wp-block-image size-full\"><img decoding=\"async\" src=\"https:\/\/radiostudiow.com.br\/site\/wp-content\/uploads\/2022\/04\/images.jpg\" alt=\"\" class=\"wp-image-7207\"\/><\/figure>\n\n\n\n<figure class=\"wp-block-image size-full\"><img decoding=\"async\" src=\"https:\/\/radiostudiow.com.br\/site\/wp-content\/uploads\/2022\/03\/NUTRI-MALLET.jpg\" alt=\"\" class=\"wp-image-6400\"\/><\/figure>\n","protected":false},"excerpt":{"rendered":"<p>Um cavalo que estava solto na rodovia morreu ap\u00f3s uma colis\u00e3o no in\u00edcio da noite desta quinta-feira, 28 de abril, na BR-476, km 266, pr\u00f3ximo a regi\u00e3o do Santana em S\u00e3o Mateus do Sul. Viaturas e caminh\u00e3o do Corpo de Bombeiros se deslocaram at\u00e9 o local e constataram que o animal j\u00e1 estava sem vida. [&hellip;]<\/p>\n","protected":false},"author":2,"featured_media":0,"comment_status":"open","ping_status":"open","sticky":false,"template":"","format":"standard","meta":{"footnotes":""},"categories":[2],"tags":[172],"class_list":["post-7206","post","type-post","status-publish","format-standard","hentry","category-policial","tag-featured"],"amp_enabled":true,"_links":{"self":[{"href":"https:\/\/radiostudiow.com.br\/site\/wp-json\/wp\/v2\/posts\/7206","targetHints":{"allow":["GET"]}}],"collection":[{"href":"https:\/\/radiostudiow.com.br\/site\/wp-json\/wp\/v2\/posts"}],"about":[{"href":"https:\/\/radiostudiow.com.br\/site\/wp-json\/wp\/v2\/types\/post"}],"author":[{"embeddable":true,"href":"https:\/\/radiostudiow.com.br\/site\/wp-json\/wp\/v2\/users\/2"}],"replies":[{"embeddable":true,"href":"https:\/\/radiostudiow.com.br\/site\/wp-json\/wp\/v2\/comments?post=7206"}],"version-history":[{"count":1,"href":"https:\/\/radiostudiow.com.br\/site\/wp-json\/wp\/v2\/posts\/7206\/revisions"}],"predecessor-version":[{"id":7208,"href":"https:\/\/radiostudiow.com.br\/site\/wp-json\/wp\/v2\/posts\/7206\/revisions\/7208"}],"wp:attachment":[{"href":"https:\/\/radiostudiow.com.br\/site\/wp-json\/wp\/v2\/media?parent=7206"}],"wp:term":[{"taxonomy":"category","embeddable":true,"href":"https:\/\/radiostudiow.com.br\/site\/wp-json\/wp\/v2\/categories?post=7206"},{"taxonomy":"post_tag","embeddable":true,"href":"https:\/\/radiostudiow.com.br\/site\/wp-json\/wp\/v2\/tags?post=7206"}],"curies":[{"name":"wp","href":"https:\/\/api.w.org\/{rel}","templated":true}]}}