{"id":7211,"date":"2022-04-29T11:10:52","date_gmt":"2022-04-29T14:10:52","guid":{"rendered":"https:\/\/radiostudiow.com.br\/site\/?p=7211"},"modified":"2025-01-31T15:10:10","modified_gmt":"2025-01-31T18:10:10","slug":"ciclista-procura-motorista-que-fugiu-do-local-apos-acidente-de-transito-em-sao-mateus-do-sul","status":"publish","type":"post","link":"https:\/\/radiostudiow.com.br\/site\/2022\/04\/29\/ciclista-procura-motorista-que-fugiu-do-local-apos-acidente-de-transito-em-sao-mateus-do-sul\/","title":{"rendered":"Ciclista procura motorista que fugiu do local ap\u00f3s acidente de tr\u00e2nsito em S\u00e3o Mateus do Sul"},"content":{"rendered":"\n<figure class=\"wp-block-image size-full\"><img decoding=\"async\" src=\"https:\/\/radiostudiow.com.br\/site\/wp-content\/uploads\/2022\/03\/240387432_2992083691066122_4820772207429196742_n.jpg\" alt=\"\" class=\"wp-image-6405\"\/><\/figure>\n\n\n\n<p>O ciclista procurou a\u00a0<strong>RDX\u00a0<\/strong>logo ap\u00f3s ter sido v\u00edtima de um acidente de tr\u00e2nsito na tarde de quinta-feira (28), em S\u00e3o Mateus do Sul.<\/p>\n\n\n\n<p>Segundo Brandino, ele trafegava pela Rua Luiz Damaso Santos Lima, quando pr\u00f3ximo a esquina do Col\u00e9gio S\u00e3o Mateus uma motorista que dirigia um Siena vermelho bateu em sua bicicleta. O homem chegou a cair da bicicleta por\u00e9m segundo ele, a mulher n\u00e3o parou para prestar ajuda e fugiu do local.<\/p>\n\n\n\n<p>O homem estava com algumas escoria\u00e7\u00f5es e informa que procura a motorista para arcar com danos materiais que ele sofreu ap\u00f3s a batida. Ele informa que a motorista pode entrar em contato com ele no telefone (41) 99546-4963 ou no (42) 98830-3197.<\/p>\n\n\n\n<figure class=\"wp-block-image size-full\"><img decoding=\"async\" src=\"https:\/\/radiostudiow.com.br\/site\/wp-content\/uploads\/2022\/02\/SEPAC-1.jpg\" alt=\"\" class=\"wp-image-5742\"\/><\/figure>\n\n\n\n<p>Fonte: RDX Noticias<\/p>\n","protected":false},"excerpt":{"rendered":"<p>O ciclista procurou a\u00a0RDX\u00a0logo ap\u00f3s ter sido v\u00edtima de um acidente de tr\u00e2nsito na tarde de quinta-feira (28), em S\u00e3o Mateus do Sul. Segundo Brandino, ele trafegava pela Rua Luiz Damaso Santos Lima, quando pr\u00f3ximo a esquina do Col\u00e9gio S\u00e3o Mateus uma motorista que dirigia um Siena vermelho bateu em sua bicicleta. O homem chegou [&hellip;]<\/p>\n","protected":false},"author":2,"featured_media":0,"comment_status":"open","ping_status":"open","sticky":false,"template":"","format":"standard","meta":{"footnotes":""},"categories":[2],"tags":[172],"class_list":["post-7211","post","type-post","status-publish","format-standard","hentry","category-policial","tag-featured"],"amp_enabled":true,"_links":{"self":[{"href":"https:\/\/radiostudiow.com.br\/site\/wp-json\/wp\/v2\/posts\/7211","targetHints":{"allow":["GET"]}}],"collection":[{"href":"https:\/\/radiostudiow.com.br\/site\/wp-json\/wp\/v2\/posts"}],"about":[{"href":"https:\/\/radiostudiow.com.br\/site\/wp-json\/wp\/v2\/types\/post"}],"author":[{"embeddable":true,"href":"https:\/\/radiostudiow.com.br\/site\/wp-json\/wp\/v2\/users\/2"}],"replies":[{"embeddable":true,"href":"https:\/\/radiostudiow.com.br\/site\/wp-json\/wp\/v2\/comments?post=7211"}],"version-history":[{"count":2,"href":"https:\/\/radiostudiow.com.br\/site\/wp-json\/wp\/v2\/posts\/7211\/revisions"}],"predecessor-version":[{"id":7214,"href":"https:\/\/radiostudiow.com.br\/site\/wp-json\/wp\/v2\/posts\/7211\/revisions\/7214"}],"wp:attachment":[{"href":"https:\/\/radiostudiow.com.br\/site\/wp-json\/wp\/v2\/media?parent=7211"}],"wp:term":[{"taxonomy":"category","embeddable":true,"href":"https:\/\/radiostudiow.com.br\/site\/wp-json\/wp\/v2\/categories?post=7211"},{"taxonomy":"post_tag","embeddable":true,"href":"https:\/\/radiostudiow.com.br\/site\/wp-json\/wp\/v2\/tags?post=7211"}],"curies":[{"name":"wp","href":"https:\/\/api.w.org\/{rel}","templated":true}]}}