{"id":7217,"date":"2022-05-02T11:07:32","date_gmt":"2022-05-02T14:07:32","guid":{"rendered":"https:\/\/radiostudiow.com.br\/site\/?p=7217"},"modified":"2025-01-31T15:10:09","modified_gmt":"2025-01-31T18:10:09","slug":"homem-e-preso-apos-se-envolver-em-acidente-em-cruz-machado","status":"publish","type":"post","link":"https:\/\/radiostudiow.com.br\/site\/2022\/05\/02\/homem-e-preso-apos-se-envolver-em-acidente-em-cruz-machado\/","title":{"rendered":"Homem \u00e9 preso ap\u00f3s se envolver em acidente em Cruz Machado"},"content":{"rendered":"\n<figure class=\"wp-block-image size-full\"><img decoding=\"async\" src=\"https:\/\/radiostudiow.com.br\/site\/wp-content\/uploads\/2022\/03\/vem_ai.jpg\" alt=\"\" class=\"wp-image-6364\"\/><\/figure>\n\n\n\n<p>A equipe da Pol\u00edcia Militar esteve prestando atendimento a uma ocorr\u00eancia de acidente de tr\u00e2nsito que resultou na pris\u00e3o de uma pessoa. O caso foi registrado na madrugada deste domingo, 01 de maio, por volta das 02:30 horas em Cruz Machado.<\/p>\n\n\n\n<p>Conforme informa\u00e7\u00f5es, a Pol\u00edcia recebeu a informa\u00e7\u00e3o de um acidente no bairro Palmeirinha, sendo que no local um carro havia sido atingido por outro em via p\u00fablica e o motorista do ve\u00edculo causador do acidente apresentava sinais de embriaguez.<\/p>\n\n\n\n<p>O motorista realizou o teste do baf\u00f4metro, sendo constatado 0,97mg\/l, configurando crime de tr\u00e2nsito. O motorista recebeu voz de pris\u00e3o e foi encaminhado at\u00e9 a delegacia de Uni\u00e3o da Vit\u00f3ria para procedimentos.<\/p>\n\n\n\n<figure class=\"wp-block-image size-full\"><img decoding=\"async\" src=\"https:\/\/radiostudiow.com.br\/site\/wp-content\/uploads\/2022\/04\/HF-MALLET.jpg\" alt=\"\" class=\"wp-image-7103\"\/><\/figure>\n\n\n\n<p><a href=\"javascript:void(0);\"><\/a><\/p>\n","protected":false},"excerpt":{"rendered":"<p>A equipe da Pol\u00edcia Militar esteve prestando atendimento a uma ocorr\u00eancia de acidente de tr\u00e2nsito que resultou na pris\u00e3o de uma pessoa. O caso foi registrado na madrugada deste domingo, 01 de maio, por volta das 02:30 horas em Cruz Machado. Conforme informa\u00e7\u00f5es, a Pol\u00edcia recebeu a informa\u00e7\u00e3o de um acidente no bairro Palmeirinha, sendo [&hellip;]<\/p>\n","protected":false},"author":2,"featured_media":0,"comment_status":"open","ping_status":"open","sticky":false,"template":"","format":"standard","meta":{"footnotes":""},"categories":[2],"tags":[172],"class_list":["post-7217","post","type-post","status-publish","format-standard","hentry","category-policial","tag-featured"],"amp_enabled":true,"_links":{"self":[{"href":"https:\/\/radiostudiow.com.br\/site\/wp-json\/wp\/v2\/posts\/7217","targetHints":{"allow":["GET"]}}],"collection":[{"href":"https:\/\/radiostudiow.com.br\/site\/wp-json\/wp\/v2\/posts"}],"about":[{"href":"https:\/\/radiostudiow.com.br\/site\/wp-json\/wp\/v2\/types\/post"}],"author":[{"embeddable":true,"href":"https:\/\/radiostudiow.com.br\/site\/wp-json\/wp\/v2\/users\/2"}],"replies":[{"embeddable":true,"href":"https:\/\/radiostudiow.com.br\/site\/wp-json\/wp\/v2\/comments?post=7217"}],"version-history":[{"count":1,"href":"https:\/\/radiostudiow.com.br\/site\/wp-json\/wp\/v2\/posts\/7217\/revisions"}],"predecessor-version":[{"id":7218,"href":"https:\/\/radiostudiow.com.br\/site\/wp-json\/wp\/v2\/posts\/7217\/revisions\/7218"}],"wp:attachment":[{"href":"https:\/\/radiostudiow.com.br\/site\/wp-json\/wp\/v2\/media?parent=7217"}],"wp:term":[{"taxonomy":"category","embeddable":true,"href":"https:\/\/radiostudiow.com.br\/site\/wp-json\/wp\/v2\/categories?post=7217"},{"taxonomy":"post_tag","embeddable":true,"href":"https:\/\/radiostudiow.com.br\/site\/wp-json\/wp\/v2\/tags?post=7217"}],"curies":[{"name":"wp","href":"https:\/\/api.w.org\/{rel}","templated":true}]}}