{"id":7219,"date":"2022-05-02T11:35:16","date_gmt":"2022-05-02T14:35:16","guid":{"rendered":"https:\/\/radiostudiow.com.br\/site\/?p=7219"},"modified":"2025-01-31T15:10:09","modified_gmt":"2025-01-31T18:10:09","slug":"homem-e-encontrado-morto-em-sao-mateus-do-sul-2","status":"publish","type":"post","link":"https:\/\/radiostudiow.com.br\/site\/2022\/05\/02\/homem-e-encontrado-morto-em-sao-mateus-do-sul-2\/","title":{"rendered":"Homem \u00e9 encontrado morto em S\u00e3o Mateus do Sul"},"content":{"rendered":"\n<figure class=\"wp-block-image size-full\"><img decoding=\"async\" src=\"https:\/\/radiostudiow.com.br\/site\/wp-content\/uploads\/2022\/03\/NUTRI-MALLET.jpg\" alt=\"\" class=\"wp-image-6400\"\/><\/figure>\n\n\n\n<p>Um homem foi encontrado morto na manh\u00e3 deste domingo, 1\u00ba de maio, em frente a um bar, na Rua Bar\u00e3o do Rio Branco, na Vila Prohmann.<\/p>\n\n\n\n<p>O Corpo de Bombeiros se deslocou at\u00e9 o local por volta de 11:20 horas, onde constataram que Manoel Cordeiro, de 66 anos, conhecido por Manequinho, havia entrado em \u00f3bito.<\/p>\n\n\n\n<p>A Pol\u00edcia Civil de S\u00e3o Mateus do Sul, juntamente com a Criminal\u00edstica e o Instituto M\u00e9dico-Legal (IML) de Uni\u00e3o da Vit\u00f3ria, foram acionados para atender a ocorr\u00eancia e fazer o recolhimento do corpo.<\/p>\n\n\n\n<p>O corpo deve chegar por volta de 20h deste domingo e ser\u00e1 velado na capela do Cemit\u00e9rio Municipal. Sepultamento segunda-feira (2), em hor\u00e1rio a ser definido, no cemit\u00e9rio da Col\u00f4nia Taquaral.<\/p>\n\n\n\n<figure class=\"wp-block-image size-full\"><img loading=\"lazy\" decoding=\"async\" width=\"1024\" height=\"461\" src=\"https:\/\/radiostudiow.com.br\/site\/wp-content\/uploads\/2022\/05\/images.jpg\" alt=\"\" class=\"wp-image-7223\" srcset=\"https:\/\/radiostudiow.com.br\/site\/wp-content\/uploads\/2022\/05\/images.jpg 1024w, https:\/\/radiostudiow.com.br\/site\/wp-content\/uploads\/2022\/05\/images-300x135.jpg 300w, https:\/\/radiostudiow.com.br\/site\/wp-content\/uploads\/2022\/05\/images-768x346.jpg 768w\" sizes=\"auto, (max-width: 1024px) 100vw, 1024px\" \/><\/figure>\n\n\n\n<figure class=\"wp-block-image size-full\"><img decoding=\"async\" src=\"https:\/\/radiostudiow.com.br\/site\/wp-content\/uploads\/2022\/02\/SEPAC-1.jpg\" alt=\"\" class=\"wp-image-5742\"\/><\/figure>\n","protected":false},"excerpt":{"rendered":"<p>Um homem foi encontrado morto na manh\u00e3 deste domingo, 1\u00ba de maio, em frente a um bar, na Rua Bar\u00e3o do Rio Branco, na Vila Prohmann. O Corpo de Bombeiros se deslocou at\u00e9 o local por volta de 11:20 horas, onde constataram que Manoel Cordeiro, de 66 anos, conhecido por Manequinho, havia entrado em \u00f3bito. [&hellip;]<\/p>\n","protected":false},"author":2,"featured_media":0,"comment_status":"open","ping_status":"open","sticky":false,"template":"","format":"standard","meta":{"footnotes":""},"categories":[2],"tags":[172],"class_list":["post-7219","post","type-post","status-publish","format-standard","hentry","category-policial","tag-featured"],"amp_enabled":true,"_links":{"self":[{"href":"https:\/\/radiostudiow.com.br\/site\/wp-json\/wp\/v2\/posts\/7219","targetHints":{"allow":["GET"]}}],"collection":[{"href":"https:\/\/radiostudiow.com.br\/site\/wp-json\/wp\/v2\/posts"}],"about":[{"href":"https:\/\/radiostudiow.com.br\/site\/wp-json\/wp\/v2\/types\/post"}],"author":[{"embeddable":true,"href":"https:\/\/radiostudiow.com.br\/site\/wp-json\/wp\/v2\/users\/2"}],"replies":[{"embeddable":true,"href":"https:\/\/radiostudiow.com.br\/site\/wp-json\/wp\/v2\/comments?post=7219"}],"version-history":[{"count":2,"href":"https:\/\/radiostudiow.com.br\/site\/wp-json\/wp\/v2\/posts\/7219\/revisions"}],"predecessor-version":[{"id":7224,"href":"https:\/\/radiostudiow.com.br\/site\/wp-json\/wp\/v2\/posts\/7219\/revisions\/7224"}],"wp:attachment":[{"href":"https:\/\/radiostudiow.com.br\/site\/wp-json\/wp\/v2\/media?parent=7219"}],"wp:term":[{"taxonomy":"category","embeddable":true,"href":"https:\/\/radiostudiow.com.br\/site\/wp-json\/wp\/v2\/categories?post=7219"},{"taxonomy":"post_tag","embeddable":true,"href":"https:\/\/radiostudiow.com.br\/site\/wp-json\/wp\/v2\/tags?post=7219"}],"curies":[{"name":"wp","href":"https:\/\/api.w.org\/{rel}","templated":true}]}}