{"id":7227,"date":"2022-05-03T16:29:43","date_gmt":"2022-05-03T19:29:43","guid":{"rendered":"https:\/\/radiostudiow.com.br\/site\/?p=7227"},"modified":"2025-01-31T15:10:09","modified_gmt":"2025-01-31T18:10:09","slug":"policia-cumpre-mandado-e-homem-e-preso-com-arma-de-fogo-em-general-carneiro","status":"publish","type":"post","link":"https:\/\/radiostudiow.com.br\/site\/2022\/05\/03\/policia-cumpre-mandado-e-homem-e-preso-com-arma-de-fogo-em-general-carneiro\/","title":{"rendered":"Pol\u00edcia cumpre mandado e homem \u00e9 preso com arma de fogo em General Carneiro"},"content":{"rendered":"\n<figure class=\"wp-block-image size-full\"><img decoding=\"async\" src=\"https:\/\/radiostudiow.com.br\/site\/wp-content\/uploads\/2022\/04\/HF-MALLET.jpg\" alt=\"\" class=\"wp-image-7103\"\/><\/figure>\n\n\n\n<p>Durante patrulhamento de rotina realizado durante a manh\u00e3 dessa segunda-feira, 02 de maio, por volta das 10 horas, a Pol\u00edcia Militar da cidade de General Carneiro realizou a abordagem de uma caminhonete que estava estacionada.<\/p>\n\n\n\n<p>Na caminhonete, estava um homem, o qual a Pol\u00edcia tinha conhecimento sobre a exist\u00eancia de um mandado de busca e apreens\u00e3o de uma arma de fogo que teria sido utilizada para cometer um crime de amea\u00e7a.<\/p>\n\n\n\n<p>O homem de maneira volunt\u00e1ria indicou para a Pol\u00edcia aonde estava a arma, a qual se tratava de um rev\u00f3lver calibre 357 mag. da marca Taurus, desmuniciada e guardada na caixa, a qual tamb\u00e9m continha 13 muni\u00e7\u00f5es intactas. Diante da situa\u00e7\u00e3o, o homem foi detido e conduzido juntamente com a arma at\u00e9 a delegacia de Uni\u00e3o da Vit\u00f3ria.<\/p>\n\n\n\n<figure class=\"wp-block-image size-full\"><img decoding=\"async\" src=\"https:\/\/radiostudiow.com.br\/site\/wp-content\/uploads\/2022\/03\/NUTRI-MALLET.jpg\" alt=\"\" class=\"wp-image-6400\"\/><\/figure>\n","protected":false},"excerpt":{"rendered":"<p>Durante patrulhamento de rotina realizado durante a manh\u00e3 dessa segunda-feira, 02 de maio, por volta das 10 horas, a Pol\u00edcia Militar da cidade de General Carneiro realizou a abordagem de uma caminhonete que estava estacionada. Na caminhonete, estava um homem, o qual a Pol\u00edcia tinha conhecimento sobre a exist\u00eancia de um mandado de busca e [&hellip;]<\/p>\n","protected":false},"author":2,"featured_media":6560,"comment_status":"open","ping_status":"open","sticky":false,"template":"","format":"standard","meta":{"footnotes":""},"categories":[2],"tags":[172],"class_list":["post-7227","post","type-post","status-publish","format-standard","has-post-thumbnail","hentry","category-policial","tag-featured"],"amp_enabled":true,"_links":{"self":[{"href":"https:\/\/radiostudiow.com.br\/site\/wp-json\/wp\/v2\/posts\/7227","targetHints":{"allow":["GET"]}}],"collection":[{"href":"https:\/\/radiostudiow.com.br\/site\/wp-json\/wp\/v2\/posts"}],"about":[{"href":"https:\/\/radiostudiow.com.br\/site\/wp-json\/wp\/v2\/types\/post"}],"author":[{"embeddable":true,"href":"https:\/\/radiostudiow.com.br\/site\/wp-json\/wp\/v2\/users\/2"}],"replies":[{"embeddable":true,"href":"https:\/\/radiostudiow.com.br\/site\/wp-json\/wp\/v2\/comments?post=7227"}],"version-history":[{"count":1,"href":"https:\/\/radiostudiow.com.br\/site\/wp-json\/wp\/v2\/posts\/7227\/revisions"}],"predecessor-version":[{"id":7228,"href":"https:\/\/radiostudiow.com.br\/site\/wp-json\/wp\/v2\/posts\/7227\/revisions\/7228"}],"wp:featuredmedia":[{"embeddable":true,"href":"https:\/\/radiostudiow.com.br\/site\/wp-json\/wp\/v2\/media\/6560"}],"wp:attachment":[{"href":"https:\/\/radiostudiow.com.br\/site\/wp-json\/wp\/v2\/media?parent=7227"}],"wp:term":[{"taxonomy":"category","embeddable":true,"href":"https:\/\/radiostudiow.com.br\/site\/wp-json\/wp\/v2\/categories?post=7227"},{"taxonomy":"post_tag","embeddable":true,"href":"https:\/\/radiostudiow.com.br\/site\/wp-json\/wp\/v2\/tags?post=7227"}],"curies":[{"name":"wp","href":"https:\/\/api.w.org\/{rel}","templated":true}]}}