{"id":7233,"date":"2022-05-03T17:05:35","date_gmt":"2022-05-03T20:05:35","guid":{"rendered":"https:\/\/radiostudiow.com.br\/site\/?p=7233"},"modified":"2025-01-31T15:10:09","modified_gmt":"2025-01-31T18:10:09","slug":"bmw-capota-apos-aquaplanagem-na-br-476-em-fluviopolis","status":"publish","type":"post","link":"https:\/\/radiostudiow.com.br\/site\/2022\/05\/03\/bmw-capota-apos-aquaplanagem-na-br-476-em-fluviopolis\/","title":{"rendered":"BMW capota ap\u00f3s aquaplanagem na BR-476 em Fluvi\u00f3polis"},"content":{"rendered":"\n<figure class=\"wp-block-gallery has-nested-images columns-default is-cropped wp-block-gallery-1 is-layout-flex wp-block-gallery-is-layout-flex\">\n<figure class=\"wp-block-image size-large\"><img decoding=\"async\" data-id=\"7234\" src=\"https:\/\/radiostudiow.com.br\/site\/wp-content\/uploads\/2022\/05\/190504470_2926345644306594_6827123088034551019_n-1024x386.jpg\" alt=\"\" class=\"wp-image-7234\"\/><\/figure>\n<\/figure>\n\n\n\n<p>Um acidente do tipo capotamento foi registrado na tarde desta ter\u00e7a-feira 03 de maio, na BR-476, km 303, em Fluvi\u00f3polis.<\/p>\n\n\n\n<p>A Pol\u00edcia Rodovi\u00e1ria Federal (PRF), compareceu no local e confirmou que o ve\u00edculo BMW com placas de Uni\u00e3o da Vit\u00f3ria aquaplanou na pista e em seguida capotou. O motorista n\u00e3o se feriu. Tr\u00e2nsito foi controlado no local para atendimento da ocorr\u00eancia.<\/p>\n\n\n\n<figure class=\"wp-block-image size-full\"><img decoding=\"async\" src=\"https:\/\/radiostudiow.com.br\/site\/wp-content\/uploads\/2022\/03\/SICREDI.jpg\" alt=\"\" class=\"wp-image-6409\"\/><\/figure>\n\n\n\n<figure class=\"wp-block-image size-full\"><img decoding=\"async\" src=\"https:\/\/radiostudiow.com.br\/site\/wp-content\/uploads\/2022\/05\/WhatsApp-Image-2022-05-03-at-16.25.14-1.jpeg\" alt=\"\" class=\"wp-image-7235\"\/><\/figure>\n","protected":false},"excerpt":{"rendered":"<p>Um acidente do tipo capotamento foi registrado na tarde desta ter\u00e7a-feira 03 de maio, na BR-476, km 303, em Fluvi\u00f3polis. A Pol\u00edcia Rodovi\u00e1ria Federal (PRF), compareceu no local e confirmou que o ve\u00edculo BMW com placas de Uni\u00e3o da Vit\u00f3ria aquaplanou na pista e em seguida capotou. O motorista n\u00e3o se feriu. Tr\u00e2nsito foi controlado [&hellip;]<\/p>\n","protected":false},"author":2,"featured_media":7236,"comment_status":"open","ping_status":"open","sticky":false,"template":"","format":"standard","meta":{"footnotes":""},"categories":[2],"tags":[172],"class_list":["post-7233","post","type-post","status-publish","format-standard","has-post-thumbnail","hentry","category-policial","tag-featured"],"amp_enabled":true,"_links":{"self":[{"href":"https:\/\/radiostudiow.com.br\/site\/wp-json\/wp\/v2\/posts\/7233","targetHints":{"allow":["GET"]}}],"collection":[{"href":"https:\/\/radiostudiow.com.br\/site\/wp-json\/wp\/v2\/posts"}],"about":[{"href":"https:\/\/radiostudiow.com.br\/site\/wp-json\/wp\/v2\/types\/post"}],"author":[{"embeddable":true,"href":"https:\/\/radiostudiow.com.br\/site\/wp-json\/wp\/v2\/users\/2"}],"replies":[{"embeddable":true,"href":"https:\/\/radiostudiow.com.br\/site\/wp-json\/wp\/v2\/comments?post=7233"}],"version-history":[{"count":1,"href":"https:\/\/radiostudiow.com.br\/site\/wp-json\/wp\/v2\/posts\/7233\/revisions"}],"predecessor-version":[{"id":7237,"href":"https:\/\/radiostudiow.com.br\/site\/wp-json\/wp\/v2\/posts\/7233\/revisions\/7237"}],"wp:featuredmedia":[{"embeddable":true,"href":"https:\/\/radiostudiow.com.br\/site\/wp-json\/wp\/v2\/media\/7236"}],"wp:attachment":[{"href":"https:\/\/radiostudiow.com.br\/site\/wp-json\/wp\/v2\/media?parent=7233"}],"wp:term":[{"taxonomy":"category","embeddable":true,"href":"https:\/\/radiostudiow.com.br\/site\/wp-json\/wp\/v2\/categories?post=7233"},{"taxonomy":"post_tag","embeddable":true,"href":"https:\/\/radiostudiow.com.br\/site\/wp-json\/wp\/v2\/tags?post=7233"}],"curies":[{"name":"wp","href":"https:\/\/api.w.org\/{rel}","templated":true}]}}