{"id":7242,"date":"2022-05-04T18:08:11","date_gmt":"2022-05-04T21:08:11","guid":{"rendered":"https:\/\/radiostudiow.com.br\/site\/?p=7242"},"modified":"2025-01-31T15:10:09","modified_gmt":"2025-01-31T18:10:09","slug":"homem-denuncia-esposa-por-agressao-aos-filhos-em-sao-mateus-do-sul","status":"publish","type":"post","link":"https:\/\/radiostudiow.com.br\/site\/2022\/05\/04\/homem-denuncia-esposa-por-agressao-aos-filhos-em-sao-mateus-do-sul\/","title":{"rendered":"Homem denuncia esposa por agress\u00e3o aos filhos em S\u00e3o Mateus do Sul"},"content":{"rendered":"\n<figure class=\"wp-block-image size-full\"><img decoding=\"async\" src=\"https:\/\/radiostudiow.com.br\/site\/wp-content\/uploads\/2022\/03\/NUTRI-MALLET.jpg\" alt=\"\" class=\"wp-image-6400\"\/><\/figure>\n\n\n\n<p>Homem comparece ao Pelot\u00e3o da Pol\u00edcia Militar de S\u00e3o Mateus do Sul relatando que sua convivente faz uso de drogas e \u00e1lcool e fica agressiva com os pr\u00f3prios filhos. A situa\u00e7\u00e3o ocorreu por volta das 19:00 horas dessa ter\u00e7a- feira (03) na Vila Amaral.<\/p>\n\n\n\n<p>De acordo com o solicitante, a esposa agride o filho do casal de apenas 1 ano e 8 meses e nos outros dois filhos dela que tamb\u00e9m moram com eles. Al\u00e9m de amea\u00e7ar atear fogo na casa caso o mesmo queira se separar.<\/p>\n\n\n\n<p>O homem relatou que j\u00e1 entrou com pedido de guarda do filho, por\u00e9m, n\u00e3o conseguiu se separar da autora.<\/p>\n\n\n\n<p>Na noite dessa ter\u00e7a-feira, 03 de maio, a v\u00edtima afirmou que a mulher chegou na casa transtornada, lhe agrediu com um tapa no rosto, brigou com as crian\u00e7as e amea\u00e7ou colocar fogo na casa. Logo em seguida pegou a chave da porta e saiu.<\/p>\n\n\n\n<p>Diante dos fatos foram realizadas buscas pela autora mas n\u00e3o foi localizada a v\u00edtima foi orientada quanto as provid\u00eancias cab\u00edveis.<\/p>\n\n\n\n<figure class=\"wp-block-image size-full\"><img decoding=\"async\" src=\"https:\/\/radiostudiow.com.br\/site\/wp-content\/uploads\/2022\/03\/vem_ai.jpg\" alt=\"\" class=\"wp-image-6364\"\/><\/figure>\n","protected":false},"excerpt":{"rendered":"<p>Homem comparece ao Pelot\u00e3o da Pol\u00edcia Militar de S\u00e3o Mateus do Sul relatando que sua convivente faz uso de drogas e \u00e1lcool e fica agressiva com os pr\u00f3prios filhos. A situa\u00e7\u00e3o ocorreu por volta das 19:00 horas dessa ter\u00e7a- feira (03) na Vila Amaral. De acordo com o solicitante, a esposa agride o filho do [&hellip;]<\/p>\n","protected":false},"author":2,"featured_media":0,"comment_status":"open","ping_status":"open","sticky":false,"template":"","format":"standard","meta":{"footnotes":""},"categories":[2],"tags":[],"class_list":["post-7242","post","type-post","status-publish","format-standard","hentry","category-policial"],"amp_enabled":true,"_links":{"self":[{"href":"https:\/\/radiostudiow.com.br\/site\/wp-json\/wp\/v2\/posts\/7242","targetHints":{"allow":["GET"]}}],"collection":[{"href":"https:\/\/radiostudiow.com.br\/site\/wp-json\/wp\/v2\/posts"}],"about":[{"href":"https:\/\/radiostudiow.com.br\/site\/wp-json\/wp\/v2\/types\/post"}],"author":[{"embeddable":true,"href":"https:\/\/radiostudiow.com.br\/site\/wp-json\/wp\/v2\/users\/2"}],"replies":[{"embeddable":true,"href":"https:\/\/radiostudiow.com.br\/site\/wp-json\/wp\/v2\/comments?post=7242"}],"version-history":[{"count":2,"href":"https:\/\/radiostudiow.com.br\/site\/wp-json\/wp\/v2\/posts\/7242\/revisions"}],"predecessor-version":[{"id":7251,"href":"https:\/\/radiostudiow.com.br\/site\/wp-json\/wp\/v2\/posts\/7242\/revisions\/7251"}],"wp:attachment":[{"href":"https:\/\/radiostudiow.com.br\/site\/wp-json\/wp\/v2\/media?parent=7242"}],"wp:term":[{"taxonomy":"category","embeddable":true,"href":"https:\/\/radiostudiow.com.br\/site\/wp-json\/wp\/v2\/categories?post=7242"},{"taxonomy":"post_tag","embeddable":true,"href":"https:\/\/radiostudiow.com.br\/site\/wp-json\/wp\/v2\/tags?post=7242"}],"curies":[{"name":"wp","href":"https:\/\/api.w.org\/{rel}","templated":true}]}}