{"id":7262,"date":"2022-05-06T11:29:47","date_gmt":"2022-05-06T14:29:47","guid":{"rendered":"https:\/\/radiostudiow.com.br\/site\/?p=7262"},"modified":"2025-01-31T15:10:09","modified_gmt":"2025-01-31T18:10:09","slug":"morador-de-paulo-frontin-e-vitima-de-estelionato-ao-tentar-comprar-trator","status":"publish","type":"post","link":"https:\/\/radiostudiow.com.br\/site\/2022\/05\/06\/morador-de-paulo-frontin-e-vitima-de-estelionato-ao-tentar-comprar-trator\/","title":{"rendered":"Morador de Paulo Frontin \u00e9 v\u00edtima de estelionato ao tentar comprar trator"},"content":{"rendered":"\n<figure class=\"wp-block-image size-full\"><img decoding=\"async\" src=\"https:\/\/radiostudiow.com.br\/site\/wp-content\/uploads\/2022\/03\/NUTRI-MALLET.jpg\" alt=\"\" class=\"wp-image-6400\"\/><\/figure>\n\n\n\n<p>Mais uma situa\u00e7\u00e3o de estelionato foi registrada pela Pol\u00edcia Militar durante essa quinta-feira, dia 05 de maio. Os fatos aconteceram na cidade de Paulo Frontin e teriam se iniciado ainda no dia 20 de abril.<\/p>\n\n\n\n<p>Segundo informa\u00e7\u00f5es, um morador teria conversado com um homem que o informou que teria um trator da marca John Deere 5078, ano 2022, com menos de 15 horas de uso e gostaria de vend\u00ea-lo. A v\u00edtima perguntou sobre a proced\u00eancia e suposto vendedor alegou que teria adquirido em um processo.<\/p>\n\n\n\n<p>Ap\u00f3s iniciar a negocia\u00e7\u00e3o, o suposto vendedor deixou de cumprir com o combinado ap\u00f3s receber certa quantia em dinheiro referente ao pagamento da m\u00e1quina, sendo cancelado outros pagamentos. Ap\u00f3s elaborado o boletim de ocorr\u00eancias, a Pol\u00edcia orientou a v\u00edtima quanto as medidas legais.<\/p>\n\n\n\n<figure class=\"wp-block-image size-full\"><img decoding=\"async\" src=\"https:\/\/radiostudiow.com.br\/site\/wp-content\/uploads\/2022\/03\/vem_ai.jpg\" alt=\"\" class=\"wp-image-6364\"\/><\/figure>\n","protected":false},"excerpt":{"rendered":"<p>Mais uma situa\u00e7\u00e3o de estelionato foi registrada pela Pol\u00edcia Militar durante essa quinta-feira, dia 05 de maio. Os fatos aconteceram na cidade de Paulo Frontin e teriam se iniciado ainda no dia 20 de abril. Segundo informa\u00e7\u00f5es, um morador teria conversado com um homem que o informou que teria um trator da marca John Deere [&hellip;]<\/p>\n","protected":false},"author":2,"featured_media":7263,"comment_status":"open","ping_status":"open","sticky":false,"template":"","format":"standard","meta":{"footnotes":""},"categories":[2],"tags":[172],"class_list":["post-7262","post","type-post","status-publish","format-standard","has-post-thumbnail","hentry","category-policial","tag-featured"],"amp_enabled":true,"_links":{"self":[{"href":"https:\/\/radiostudiow.com.br\/site\/wp-json\/wp\/v2\/posts\/7262","targetHints":{"allow":["GET"]}}],"collection":[{"href":"https:\/\/radiostudiow.com.br\/site\/wp-json\/wp\/v2\/posts"}],"about":[{"href":"https:\/\/radiostudiow.com.br\/site\/wp-json\/wp\/v2\/types\/post"}],"author":[{"embeddable":true,"href":"https:\/\/radiostudiow.com.br\/site\/wp-json\/wp\/v2\/users\/2"}],"replies":[{"embeddable":true,"href":"https:\/\/radiostudiow.com.br\/site\/wp-json\/wp\/v2\/comments?post=7262"}],"version-history":[{"count":1,"href":"https:\/\/radiostudiow.com.br\/site\/wp-json\/wp\/v2\/posts\/7262\/revisions"}],"predecessor-version":[{"id":7264,"href":"https:\/\/radiostudiow.com.br\/site\/wp-json\/wp\/v2\/posts\/7262\/revisions\/7264"}],"wp:featuredmedia":[{"embeddable":true,"href":"https:\/\/radiostudiow.com.br\/site\/wp-json\/wp\/v2\/media\/7263"}],"wp:attachment":[{"href":"https:\/\/radiostudiow.com.br\/site\/wp-json\/wp\/v2\/media?parent=7262"}],"wp:term":[{"taxonomy":"category","embeddable":true,"href":"https:\/\/radiostudiow.com.br\/site\/wp-json\/wp\/v2\/categories?post=7262"},{"taxonomy":"post_tag","embeddable":true,"href":"https:\/\/radiostudiow.com.br\/site\/wp-json\/wp\/v2\/tags?post=7262"}],"curies":[{"name":"wp","href":"https:\/\/api.w.org\/{rel}","templated":true}]}}