{"id":7281,"date":"2022-05-09T10:50:22","date_gmt":"2022-05-09T13:50:22","guid":{"rendered":"https:\/\/radiostudiow.com.br\/site\/?p=7281"},"modified":"2025-01-31T15:10:09","modified_gmt":"2025-01-31T18:10:09","slug":"homem-e-lesionado-com-facao-por-mulher-em-sao-mateus-do-sul","status":"publish","type":"post","link":"https:\/\/radiostudiow.com.br\/site\/2022\/05\/09\/homem-e-lesionado-com-facao-por-mulher-em-sao-mateus-do-sul\/","title":{"rendered":"Homem \u00e9 lesionado com fac\u00e3o por mulher em S\u00e3o Mateus do Sul"},"content":{"rendered":"\n<figure class=\"wp-block-image size-full\"><img decoding=\"async\" src=\"https:\/\/radiostudiow.com.br\/site\/wp-content\/uploads\/2022\/05\/NUTRI-MALLET.jpg\" alt=\"\" class=\"wp-image-7282\"\/><\/figure>\n\n\n\n<p>Um senhor compareceu ao Pelot\u00e3o da Pol\u00edcia Militar de S\u00e3o Mateus do Sul relatando uma les\u00e3o corporal com fac\u00e3o, ocorrido na Vila Amaral por volta das 18:20 horas de s\u00e1bado (07).<\/p>\n\n\n\n<p>O solicitante estava com sinais de embriagues e com ferimento por arma branca na orelha esquerda. Ele foi agredido por uma mulher com um fac\u00e3o e atendido pela equipe do Siate e encaminhado para o pronto atendimento municipal.<\/p>\n\n\n\n<p>A autora j\u00e1 n\u00e3o se encontrava no local quando a equipe policial e populares n\u00e3o souberam informar o seu destino. A PM realizou buscas, mas n\u00e3o obteve sucesso.<\/p>\n\n\n\n<p>Posteriormente os policiais se deslocaram at\u00e9 o pronto atendimento onde colheu mais informa\u00e7\u00f5es e a v\u00edtima foi orientada quanto aos procedimentos cab\u00edveis.<\/p>\n\n\n\n<figure class=\"wp-block-image size-full\"><img decoding=\"async\" src=\"https:\/\/radiostudiow.com.br\/site\/wp-content\/uploads\/2022\/03\/240387432_2992083691066122_4820772207429196742_n.jpg\" alt=\"\" class=\"wp-image-6405\"\/><\/figure>\n","protected":false},"excerpt":{"rendered":"<p>Um senhor compareceu ao Pelot\u00e3o da Pol\u00edcia Militar de S\u00e3o Mateus do Sul relatando uma les\u00e3o corporal com fac\u00e3o, ocorrido na Vila Amaral por volta das 18:20 horas de s\u00e1bado (07). O solicitante estava com sinais de embriagues e com ferimento por arma branca na orelha esquerda. Ele foi agredido por uma mulher com um [&hellip;]<\/p>\n","protected":false},"author":2,"featured_media":0,"comment_status":"open","ping_status":"open","sticky":false,"template":"","format":"standard","meta":{"footnotes":""},"categories":[2],"tags":[172],"class_list":["post-7281","post","type-post","status-publish","format-standard","hentry","category-policial","tag-featured"],"amp_enabled":true,"_links":{"self":[{"href":"https:\/\/radiostudiow.com.br\/site\/wp-json\/wp\/v2\/posts\/7281","targetHints":{"allow":["GET"]}}],"collection":[{"href":"https:\/\/radiostudiow.com.br\/site\/wp-json\/wp\/v2\/posts"}],"about":[{"href":"https:\/\/radiostudiow.com.br\/site\/wp-json\/wp\/v2\/types\/post"}],"author":[{"embeddable":true,"href":"https:\/\/radiostudiow.com.br\/site\/wp-json\/wp\/v2\/users\/2"}],"replies":[{"embeddable":true,"href":"https:\/\/radiostudiow.com.br\/site\/wp-json\/wp\/v2\/comments?post=7281"}],"version-history":[{"count":1,"href":"https:\/\/radiostudiow.com.br\/site\/wp-json\/wp\/v2\/posts\/7281\/revisions"}],"predecessor-version":[{"id":7283,"href":"https:\/\/radiostudiow.com.br\/site\/wp-json\/wp\/v2\/posts\/7281\/revisions\/7283"}],"wp:attachment":[{"href":"https:\/\/radiostudiow.com.br\/site\/wp-json\/wp\/v2\/media?parent=7281"}],"wp:term":[{"taxonomy":"category","embeddable":true,"href":"https:\/\/radiostudiow.com.br\/site\/wp-json\/wp\/v2\/categories?post=7281"},{"taxonomy":"post_tag","embeddable":true,"href":"https:\/\/radiostudiow.com.br\/site\/wp-json\/wp\/v2\/tags?post=7281"}],"curies":[{"name":"wp","href":"https:\/\/api.w.org\/{rel}","templated":true}]}}